{"id":3758,"date":"2026-03-11T13:54:22","date_gmt":"2026-03-11T12:54:22","guid":{"rendered":"https:\/\/eglisolles.fr\/?p=3758"},"modified":"2026-03-11T13:56:01","modified_gmt":"2026-03-11T12:56:01","slug":"maison-de-lenfance-vacances-printemps-2026","status":"publish","type":"post","link":"https:\/\/eglisolles.fr\/index.php\/2026\/03\/11\/maison-de-lenfance-vacances-printemps-2026\/","title":{"rendered":"Maison de l&rsquo;enfance vacances printemps 2026"},"content":{"rendered":"\n<p>Chers parents,<\/p>\n\n\n\n<p>Votre accueil de loisirs est ouvert pour les vacances de printemps du 7 au 17 Avril 2026.<\/p>\n\n\n\n<p>Vous trouverez ci-joint&nbsp;:<\/p>\n\n\n\n<ul class=\"wp-block-list\">\n<li>Le programme d\u2019activit\u00e9s PV Avril 2026 2026<\/li>\n\n\n\n<li>La fiche de renseignement 2025\/2026<\/li>\n\n\n\n<li>Le r\u00e8glement int\u00e9rieur de la structure<\/li>\n\n\n\n<li>Le bulletin de r\u00e9servation . <strong>Merci de l\u2019utiliser pour faire l\u2019inscription \u00e0 l\u2019accueil de loisirs ainsi qu\u2019\u00e0 la navette.<\/strong>(pr\u00e9ciser le lieux)<\/li>\n\n\n\n<li>Le Projet P\u00e9dagogique.<\/li>\n<\/ul>\n\n\n\n<p>Nous proposons 2 sorties sur les 15 jours&nbsp;:<\/p>\n\n\n\n<ul class=\"wp-block-list\">\n<li><strong>Pour les moins de 6 ans&nbsp;<\/strong><\/li>\n\n\n\n<li>Cin\u00e9 P\u2019tit loups &nbsp;\u00e0 Sauvessanges le 17 avril 2026 (le matin)&nbsp;: \u00ab&nbsp;Au fil de l\u2019eau&nbsp;\u00bb<\/li>\n\n\n\n<li><strong>Pour les moins de 6 ans et les plus de 6 ans&nbsp;<\/strong><\/li>\n\n\n\n<li>Zoo Martin la Plaine le 10 avril (toute la journ\u00e9e)&nbsp;<\/li>\n<\/ul>\n\n\n\n<p>Sauf si vous avez d\u00e9j\u00e0 inscrit&nbsp; votre enfant au sein de notre accueil, \u00e0 <strong>la 1<sup>\u00e8re<\/sup> inscription<\/strong> de votre ou vos enfant(s) sur l\u2019ann\u00e9e 2026, nous vous demandons de bien vouloir nous retourner par mail les documents suivants :<\/p>\n\n\n\n<p>\u00b7&nbsp;&nbsp;&nbsp;&nbsp;&nbsp;&nbsp;&nbsp; Remplir la fiche de renseignements 2025-2026 (sauf si vous l\u2019avez d\u00e9j\u00e0 fait pour une inscription pour les mercredis, les PV de f\u00e9vrier ou pour l\u2019Activ\u2019Ados) apr\u00e8s septembre 2025,<\/p>\n\n\n\n<p>\u00b7&nbsp;&nbsp;&nbsp;&nbsp;&nbsp;&nbsp;&nbsp; Joindre \u00e0 cette fiche les documents obligatoires suivants :<\/p>\n\n\n\n<ul class=\"wp-block-list\">\n<li>copie des vaccinations de vos enfants,<\/li>\n\n\n\n<li>attestation d&rsquo;assurance extra-scolaire 2025\/2026,<\/li>\n\n\n\n<li>attestation allocataire 2026 (CAF, MSA) pour la tarification (<strong>Sans cette attestation (quotient familial), lors de la facturation, le tarif maximum vous sera appliqu\u00e9).<\/strong><\/li>\n<\/ul>\n\n\n\n<p>Une fois que vous nous aurez retourn\u00e9 par mail l\u2019ensemble de ces documents, votre\u00a0compte sur le <strong>Nouveau portail Famille<\/strong> de la Communaut\u00e9 de Communes Ambert Livradois Forez (<a href=\"https:\/\/ambertlivradoisforez.portail-familles.net\/\" target=\"_blank\" rel=\"noreferrer noopener\">https:\/\/ambertlivradoisforez.portail-familles.app\/<\/a>) sera activ\u00e9. Si vous avez perdu votre mot de passe, nous vous renverrons un mail automatique. Attention, il est fr\u00e9quent que ce mail se retrouve dans les <strong>spams<\/strong> et se nomme \u00ab<strong><em>no-reply@ambertlivradoisforez.fr<\/em><\/strong>\u00a0\u00bb.<\/p>\n\n\n\n<p>Si vous souhaitez inscrire un nouvel enfant, m\u00eame au sein d\u2019une m\u00eame famille, il faut nous fournir son dossier d\u2019inscription complet et <strong><u>nous nous chargeons de sa premi\u00e8re inscription<\/u><\/strong> avant que vous puissiez le faire vous-m\u00eame sur le nouveau portail.<\/p>\n\n\n\n<p><strong>Merci de faire un mail pour inscrire votre enfant \u00e0 la navette<\/strong> &nbsp;en utilisant le bulletin de r\u00e9servation et <strong>de bien nous indiquer dans celui-ci le lieu<\/strong> (Cf. Bulletin de r\u00e9servation), si c\u2019est le matin et\/ou le soir avec le nom et pr\u00e9nom de votre enfant. La r\u00e9servation est obligatoire.<\/p>\n\n\n\n<p>Restant \u00e0 votre \u00e9coute et \u00e0 votre disposition pour tout renseignement compl\u00e9mentaire&nbsp;au 06 07 01 60 06.<\/p>\n\n\n\n<p>Nous vous souhaitons une belle journ\u00e9e,<\/p>\n\n\n\n<p>L\u2019\u00e9quipe de la Maison de l\u2019Enfance d\u2019Eglisolles.<\/p>\n\n\n\n<figure class=\"wp-block-image size-full\"><img loading=\"lazy\" decoding=\"async\" width=\"628\" height=\"189\" src=\"https:\/\/eglisolles.fr\/wp-content\/uploads\/2026\/03\/image.png\" alt=\"\" class=\"wp-image-3759\" srcset=\"https:\/\/eglisolles.fr\/wp-content\/uploads\/2026\/03\/image.png 628w, https:\/\/eglisolles.fr\/wp-content\/uploads\/2026\/03\/image-300x90.png 300w\" sizes=\"auto, (max-width: 628px) 100vw, 628px\" \/><\/figure>\n","protected":false},"excerpt":{"rendered":"<p>Chers parents, Votre accueil de loisirs est ouvert pour les vacances de printemps du 7 au 17 Avril 2026. Vous trouverez ci-joint&nbsp;: Nous proposons 2 sorties sur les 15 jours&nbsp;: Sauf si vous avez d\u00e9j\u00e0 inscrit&nbsp; votre enfant au sein de notre accueil, \u00e0 la 1\u00e8re inscription de votre ou [&hellip;]<\/p>\n","protected":false},"author":1,"featured_media":1654,"comment_status":"closed","ping_status":"open","sticky":false,"template":"","format":"standard","meta":{"footnotes":""},"categories":[8],"tags":[],"class_list":["post-3758","post","type-post","status-publish","format-standard","has-post-thumbnail","hentry","category-en-une"],"yoast_head":"<!-- This site is optimized with the Yoast SEO plugin v27.4 - https:\/\/yoast.com\/product\/yoast-seo-wordpress\/ -->\n<title>Maison de l&#039;enfance vacances printemps 2026 - Eglisolles<\/title>\n<meta name=\"robots\" content=\"index, follow, max-snippet:-1, max-image-preview:large, max-video-preview:-1\" \/>\n<link rel=\"canonical\" href=\"https:\/\/eglisolles.fr\/index.php\/2026\/03\/11\/maison-de-lenfance-vacances-printemps-2026\/\" \/>\n<meta property=\"og:locale\" content=\"fr_FR\" \/>\n<meta property=\"og:type\" content=\"article\" \/>\n<meta property=\"og:title\" content=\"Maison de l&#039;enfance vacances printemps 2026 - Eglisolles\" \/>\n<meta property=\"og:description\" content=\"Chers parents, Votre accueil de loisirs est ouvert pour les vacances de printemps du 7 au 17 Avril 2026. Vous trouverez ci-joint&nbsp;: Nous proposons 2 sorties sur les 15 jours&nbsp;: Sauf si vous avez d\u00e9j\u00e0 inscrit&nbsp; votre enfant au sein de notre accueil, \u00e0 la 1\u00e8re inscription de votre ou [&hellip;]\" \/>\n<meta property=\"og:url\" content=\"https:\/\/eglisolles.fr\/index.php\/2026\/03\/11\/maison-de-lenfance-vacances-printemps-2026\/\" \/>\n<meta property=\"og:site_name\" content=\"Eglisolles\" \/>\n<meta property=\"article:publisher\" content=\"https:\/\/www.facebook.com\/municipalite.deglisolles.1\" \/>\n<meta property=\"article:published_time\" content=\"2026-03-11T12:54:22+00:00\" \/>\n<meta property=\"article:modified_time\" content=\"2026-03-11T12:56:01+00:00\" \/>\n<meta property=\"og:image\" content=\"https:\/\/eglisolles.fr\/wp-content\/uploads\/2021\/07\/P1040567-1-scaled.jpg\" \/>\n\t<meta property=\"og:image:width\" content=\"2560\" \/>\n\t<meta property=\"og:image:height\" content=\"1920\" \/>\n\t<meta property=\"og:image:type\" content=\"image\/jpeg\" \/>\n<meta name=\"author\" content=\"Webmestre\" \/>\n<meta name=\"twitter:card\" content=\"summary_large_image\" \/>\n<meta name=\"twitter:label1\" content=\"\u00c9crit par\" \/>\n\t<meta name=\"twitter:data1\" content=\"Webmestre\" \/>\n\t<meta name=\"twitter:label2\" content=\"Dur\u00e9e de lecture estim\u00e9e\" \/>\n\t<meta name=\"twitter:data2\" content=\"2 minutes\" \/>\n<script type=\"application\/ld+json\" class=\"yoast-schema-graph\">{\"@context\":\"https:\\\/\\\/schema.org\",\"@graph\":[{\"@type\":\"Article\",\"@id\":\"https:\\\/\\\/eglisolles.fr\\\/index.php\\\/2026\\\/03\\\/11\\\/maison-de-lenfance-vacances-printemps-2026\\\/#article\",\"isPartOf\":{\"@id\":\"https:\\\/\\\/eglisolles.fr\\\/index.php\\\/2026\\\/03\\\/11\\\/maison-de-lenfance-vacances-printemps-2026\\\/\"},\"author\":{\"name\":\"Webmestre\",\"@id\":\"https:\\\/\\\/eglisolles.fr\\\/#\\\/schema\\\/person\\\/cdc018b5cccc8a540ffae7464f409151\"},\"headline\":\"Maison de l&rsquo;enfance vacances printemps 2026\",\"datePublished\":\"2026-03-11T12:54:22+00:00\",\"dateModified\":\"2026-03-11T12:56:01+00:00\",\"mainEntityOfPage\":{\"@id\":\"https:\\\/\\\/eglisolles.fr\\\/index.php\\\/2026\\\/03\\\/11\\\/maison-de-lenfance-vacances-printemps-2026\\\/\"},\"wordCount\":454,\"publisher\":{\"@id\":\"https:\\\/\\\/eglisolles.fr\\\/#organization\"},\"image\":{\"@id\":\"https:\\\/\\\/eglisolles.fr\\\/index.php\\\/2026\\\/03\\\/11\\\/maison-de-lenfance-vacances-printemps-2026\\\/#primaryimage\"},\"thumbnailUrl\":\"https:\\\/\\\/eglisolles.fr\\\/wp-content\\\/uploads\\\/2021\\\/07\\\/P1040567-1-scaled.jpg\",\"articleSection\":[\"En UNE\"],\"inLanguage\":\"fr-FR\"},{\"@type\":\"WebPage\",\"@id\":\"https:\\\/\\\/eglisolles.fr\\\/index.php\\\/2026\\\/03\\\/11\\\/maison-de-lenfance-vacances-printemps-2026\\\/\",\"url\":\"https:\\\/\\\/eglisolles.fr\\\/index.php\\\/2026\\\/03\\\/11\\\/maison-de-lenfance-vacances-printemps-2026\\\/\",\"name\":\"Maison de l'enfance vacances printemps 2026 - Eglisolles\",\"isPartOf\":{\"@id\":\"https:\\\/\\\/eglisolles.fr\\\/#website\"},\"primaryImageOfPage\":{\"@id\":\"https:\\\/\\\/eglisolles.fr\\\/index.php\\\/2026\\\/03\\\/11\\\/maison-de-lenfance-vacances-printemps-2026\\\/#primaryimage\"},\"image\":{\"@id\":\"https:\\\/\\\/eglisolles.fr\\\/index.php\\\/2026\\\/03\\\/11\\\/maison-de-lenfance-vacances-printemps-2026\\\/#primaryimage\"},\"thumbnailUrl\":\"https:\\\/\\\/eglisolles.fr\\\/wp-content\\\/uploads\\\/2021\\\/07\\\/P1040567-1-scaled.jpg\",\"datePublished\":\"2026-03-11T12:54:22+00:00\",\"dateModified\":\"2026-03-11T12:56:01+00:00\",\"breadcrumb\":{\"@id\":\"https:\\\/\\\/eglisolles.fr\\\/index.php\\\/2026\\\/03\\\/11\\\/maison-de-lenfance-vacances-printemps-2026\\\/#breadcrumb\"},\"inLanguage\":\"fr-FR\",\"potentialAction\":[{\"@type\":\"ReadAction\",\"target\":[\"https:\\\/\\\/eglisolles.fr\\\/index.php\\\/2026\\\/03\\\/11\\\/maison-de-lenfance-vacances-printemps-2026\\\/\"]}]},{\"@type\":\"ImageObject\",\"inLanguage\":\"fr-FR\",\"@id\":\"https:\\\/\\\/eglisolles.fr\\\/index.php\\\/2026\\\/03\\\/11\\\/maison-de-lenfance-vacances-printemps-2026\\\/#primaryimage\",\"url\":\"https:\\\/\\\/eglisolles.fr\\\/wp-content\\\/uploads\\\/2021\\\/07\\\/P1040567-1-scaled.jpg\",\"contentUrl\":\"https:\\\/\\\/eglisolles.fr\\\/wp-content\\\/uploads\\\/2021\\\/07\\\/P1040567-1-scaled.jpg\",\"width\":2560,\"height\":1920},{\"@type\":\"BreadcrumbList\",\"@id\":\"https:\\\/\\\/eglisolles.fr\\\/index.php\\\/2026\\\/03\\\/11\\\/maison-de-lenfance-vacances-printemps-2026\\\/#breadcrumb\",\"itemListElement\":[{\"@type\":\"ListItem\",\"position\":1,\"name\":\"Accueil\",\"item\":\"https:\\\/\\\/eglisolles.fr\\\/\"},{\"@type\":\"ListItem\",\"position\":2,\"name\":\"Maison de l&rsquo;enfance vacances printemps 2026\"}]},{\"@type\":\"WebSite\",\"@id\":\"https:\\\/\\\/eglisolles.fr\\\/#website\",\"url\":\"https:\\\/\\\/eglisolles.fr\\\/\",\"name\":\"Eglisolles\",\"description\":\"Site de la Commune\",\"publisher\":{\"@id\":\"https:\\\/\\\/eglisolles.fr\\\/#organization\"},\"potentialAction\":[{\"@type\":\"SearchAction\",\"target\":{\"@type\":\"EntryPoint\",\"urlTemplate\":\"https:\\\/\\\/eglisolles.fr\\\/?s={search_term_string}\"},\"query-input\":{\"@type\":\"PropertyValueSpecification\",\"valueRequired\":true,\"valueName\":\"search_term_string\"}}],\"inLanguage\":\"fr-FR\"},{\"@type\":\"Organization\",\"@id\":\"https:\\\/\\\/eglisolles.fr\\\/#organization\",\"name\":\"Eglisolles\",\"url\":\"https:\\\/\\\/eglisolles.fr\\\/\",\"logo\":{\"@type\":\"ImageObject\",\"inLanguage\":\"fr-FR\",\"@id\":\"https:\\\/\\\/eglisolles.fr\\\/#\\\/schema\\\/logo\\\/image\\\/\",\"url\":\"https:\\\/\\\/eglisolles.fr\\\/wp-content\\\/uploads\\\/2021\\\/07\\\/cropped-logo_eglisolles_mairie_transp_5.png\",\"contentUrl\":\"https:\\\/\\\/eglisolles.fr\\\/wp-content\\\/uploads\\\/2021\\\/07\\\/cropped-logo_eglisolles_mairie_transp_5.png\",\"width\":428,\"height\":100,\"caption\":\"Eglisolles\"},\"image\":{\"@id\":\"https:\\\/\\\/eglisolles.fr\\\/#\\\/schema\\\/logo\\\/image\\\/\"},\"sameAs\":[\"https:\\\/\\\/www.facebook.com\\\/municipalite.deglisolles.1\"]},{\"@type\":\"Person\",\"@id\":\"https:\\\/\\\/eglisolles.fr\\\/#\\\/schema\\\/person\\\/cdc018b5cccc8a540ffae7464f409151\",\"name\":\"Webmestre\",\"image\":{\"@type\":\"ImageObject\",\"inLanguage\":\"fr-FR\",\"@id\":\"https:\\\/\\\/secure.gravatar.com\\\/avatar\\\/b0311cc869c26f543c6041b6abb61405b7997f2b9b213d3f0585373debe76b90?s=96&d=mm&r=g\",\"url\":\"https:\\\/\\\/secure.gravatar.com\\\/avatar\\\/b0311cc869c26f543c6041b6abb61405b7997f2b9b213d3f0585373debe76b90?s=96&d=mm&r=g\",\"contentUrl\":\"https:\\\/\\\/secure.gravatar.com\\\/avatar\\\/b0311cc869c26f543c6041b6abb61405b7997f2b9b213d3f0585373debe76b90?s=96&d=mm&r=g\",\"caption\":\"Webmestre\"},\"sameAs\":[\"https:\\\/\\\/eglisolles.fr\"],\"url\":\"https:\\\/\\\/eglisolles.fr\\\/index.php\\\/author\\\/christineadmmairie\\\/\"}]}<\/script>\n<!-- \/ Yoast SEO plugin. -->","yoast_head_json":{"title":"Maison de l'enfance vacances printemps 2026 - Eglisolles","robots":{"index":"index","follow":"follow","max-snippet":"max-snippet:-1","max-image-preview":"max-image-preview:large","max-video-preview":"max-video-preview:-1"},"canonical":"https:\/\/eglisolles.fr\/index.php\/2026\/03\/11\/maison-de-lenfance-vacances-printemps-2026\/","og_locale":"fr_FR","og_type":"article","og_title":"Maison de l'enfance vacances printemps 2026 - Eglisolles","og_description":"Chers parents, Votre accueil de loisirs est ouvert pour les vacances de printemps du 7 au 17 Avril 2026. Vous trouverez ci-joint&nbsp;: Nous proposons 2 sorties sur les 15 jours&nbsp;: Sauf si vous avez d\u00e9j\u00e0 inscrit&nbsp; votre enfant au sein de notre accueil, \u00e0 la 1\u00e8re inscription de votre ou [&hellip;]","og_url":"https:\/\/eglisolles.fr\/index.php\/2026\/03\/11\/maison-de-lenfance-vacances-printemps-2026\/","og_site_name":"Eglisolles","article_publisher":"https:\/\/www.facebook.com\/municipalite.deglisolles.1","article_published_time":"2026-03-11T12:54:22+00:00","article_modified_time":"2026-03-11T12:56:01+00:00","og_image":[{"width":2560,"height":1920,"url":"https:\/\/eglisolles.fr\/wp-content\/uploads\/2021\/07\/P1040567-1-scaled.jpg","type":"image\/jpeg"}],"author":"Webmestre","twitter_card":"summary_large_image","twitter_misc":{"\u00c9crit par":"Webmestre","Dur\u00e9e de lecture estim\u00e9e":"2 minutes"},"schema":{"@context":"https:\/\/schema.org","@graph":[{"@type":"Article","@id":"https:\/\/eglisolles.fr\/index.php\/2026\/03\/11\/maison-de-lenfance-vacances-printemps-2026\/#article","isPartOf":{"@id":"https:\/\/eglisolles.fr\/index.php\/2026\/03\/11\/maison-de-lenfance-vacances-printemps-2026\/"},"author":{"name":"Webmestre","@id":"https:\/\/eglisolles.fr\/#\/schema\/person\/cdc018b5cccc8a540ffae7464f409151"},"headline":"Maison de l&rsquo;enfance vacances printemps 2026","datePublished":"2026-03-11T12:54:22+00:00","dateModified":"2026-03-11T12:56:01+00:00","mainEntityOfPage":{"@id":"https:\/\/eglisolles.fr\/index.php\/2026\/03\/11\/maison-de-lenfance-vacances-printemps-2026\/"},"wordCount":454,"publisher":{"@id":"https:\/\/eglisolles.fr\/#organization"},"image":{"@id":"https:\/\/eglisolles.fr\/index.php\/2026\/03\/11\/maison-de-lenfance-vacances-printemps-2026\/#primaryimage"},"thumbnailUrl":"https:\/\/eglisolles.fr\/wp-content\/uploads\/2021\/07\/P1040567-1-scaled.jpg","articleSection":["En UNE"],"inLanguage":"fr-FR"},{"@type":"WebPage","@id":"https:\/\/eglisolles.fr\/index.php\/2026\/03\/11\/maison-de-lenfance-vacances-printemps-2026\/","url":"https:\/\/eglisolles.fr\/index.php\/2026\/03\/11\/maison-de-lenfance-vacances-printemps-2026\/","name":"Maison de l'enfance vacances printemps 2026 - Eglisolles","isPartOf":{"@id":"https:\/\/eglisolles.fr\/#website"},"primaryImageOfPage":{"@id":"https:\/\/eglisolles.fr\/index.php\/2026\/03\/11\/maison-de-lenfance-vacances-printemps-2026\/#primaryimage"},"image":{"@id":"https:\/\/eglisolles.fr\/index.php\/2026\/03\/11\/maison-de-lenfance-vacances-printemps-2026\/#primaryimage"},"thumbnailUrl":"https:\/\/eglisolles.fr\/wp-content\/uploads\/2021\/07\/P1040567-1-scaled.jpg","datePublished":"2026-03-11T12:54:22+00:00","dateModified":"2026-03-11T12:56:01+00:00","breadcrumb":{"@id":"https:\/\/eglisolles.fr\/index.php\/2026\/03\/11\/maison-de-lenfance-vacances-printemps-2026\/#breadcrumb"},"inLanguage":"fr-FR","potentialAction":[{"@type":"ReadAction","target":["https:\/\/eglisolles.fr\/index.php\/2026\/03\/11\/maison-de-lenfance-vacances-printemps-2026\/"]}]},{"@type":"ImageObject","inLanguage":"fr-FR","@id":"https:\/\/eglisolles.fr\/index.php\/2026\/03\/11\/maison-de-lenfance-vacances-printemps-2026\/#primaryimage","url":"https:\/\/eglisolles.fr\/wp-content\/uploads\/2021\/07\/P1040567-1-scaled.jpg","contentUrl":"https:\/\/eglisolles.fr\/wp-content\/uploads\/2021\/07\/P1040567-1-scaled.jpg","width":2560,"height":1920},{"@type":"BreadcrumbList","@id":"https:\/\/eglisolles.fr\/index.php\/2026\/03\/11\/maison-de-lenfance-vacances-printemps-2026\/#breadcrumb","itemListElement":[{"@type":"ListItem","position":1,"name":"Accueil","item":"https:\/\/eglisolles.fr\/"},{"@type":"ListItem","position":2,"name":"Maison de l&rsquo;enfance vacances printemps 2026"}]},{"@type":"WebSite","@id":"https:\/\/eglisolles.fr\/#website","url":"https:\/\/eglisolles.fr\/","name":"Eglisolles","description":"Site de la Commune","publisher":{"@id":"https:\/\/eglisolles.fr\/#organization"},"potentialAction":[{"@type":"SearchAction","target":{"@type":"EntryPoint","urlTemplate":"https:\/\/eglisolles.fr\/?s={search_term_string}"},"query-input":{"@type":"PropertyValueSpecification","valueRequired":true,"valueName":"search_term_string"}}],"inLanguage":"fr-FR"},{"@type":"Organization","@id":"https:\/\/eglisolles.fr\/#organization","name":"Eglisolles","url":"https:\/\/eglisolles.fr\/","logo":{"@type":"ImageObject","inLanguage":"fr-FR","@id":"https:\/\/eglisolles.fr\/#\/schema\/logo\/image\/","url":"https:\/\/eglisolles.fr\/wp-content\/uploads\/2021\/07\/cropped-logo_eglisolles_mairie_transp_5.png","contentUrl":"https:\/\/eglisolles.fr\/wp-content\/uploads\/2021\/07\/cropped-logo_eglisolles_mairie_transp_5.png","width":428,"height":100,"caption":"Eglisolles"},"image":{"@id":"https:\/\/eglisolles.fr\/#\/schema\/logo\/image\/"},"sameAs":["https:\/\/www.facebook.com\/municipalite.deglisolles.1"]},{"@type":"Person","@id":"https:\/\/eglisolles.fr\/#\/schema\/person\/cdc018b5cccc8a540ffae7464f409151","name":"Webmestre","image":{"@type":"ImageObject","inLanguage":"fr-FR","@id":"https:\/\/secure.gravatar.com\/avatar\/b0311cc869c26f543c6041b6abb61405b7997f2b9b213d3f0585373debe76b90?s=96&d=mm&r=g","url":"https:\/\/secure.gravatar.com\/avatar\/b0311cc869c26f543c6041b6abb61405b7997f2b9b213d3f0585373debe76b90?s=96&d=mm&r=g","contentUrl":"https:\/\/secure.gravatar.com\/avatar\/b0311cc869c26f543c6041b6abb61405b7997f2b9b213d3f0585373debe76b90?s=96&d=mm&r=g","caption":"Webmestre"},"sameAs":["https:\/\/eglisolles.fr"],"url":"https:\/\/eglisolles.fr\/index.php\/author\/christineadmmairie\/"}]}},"_links":{"self":[{"href":"https:\/\/eglisolles.fr\/index.php\/wp-json\/wp\/v2\/posts\/3758","targetHints":{"allow":["GET"]}}],"collection":[{"href":"https:\/\/eglisolles.fr\/index.php\/wp-json\/wp\/v2\/posts"}],"about":[{"href":"https:\/\/eglisolles.fr\/index.php\/wp-json\/wp\/v2\/types\/post"}],"author":[{"embeddable":true,"href":"https:\/\/eglisolles.fr\/index.php\/wp-json\/wp\/v2\/users\/1"}],"replies":[{"embeddable":true,"href":"https:\/\/eglisolles.fr\/index.php\/wp-json\/wp\/v2\/comments?post=3758"}],"version-history":[{"count":2,"href":"https:\/\/eglisolles.fr\/index.php\/wp-json\/wp\/v2\/posts\/3758\/revisions"}],"predecessor-version":[{"id":3761,"href":"https:\/\/eglisolles.fr\/index.php\/wp-json\/wp\/v2\/posts\/3758\/revisions\/3761"}],"wp:featuredmedia":[{"embeddable":true,"href":"https:\/\/eglisolles.fr\/index.php\/wp-json\/wp\/v2\/media\/1654"}],"wp:attachment":[{"href":"https:\/\/eglisolles.fr\/index.php\/wp-json\/wp\/v2\/media?parent=3758"}],"wp:term":[{"taxonomy":"category","embeddable":true,"href":"https:\/\/eglisolles.fr\/index.php\/wp-json\/wp\/v2\/categories?post=3758"},{"taxonomy":"post_tag","embeddable":true,"href":"https:\/\/eglisolles.fr\/index.php\/wp-json\/wp\/v2\/tags?post=3758"}],"curies":[{"name":"wp","href":"https:\/\/api.w.org\/{rel}","templated":true}]}}