{"id":3578,"date":"2025-08-20T11:34:01","date_gmt":"2025-08-20T09:34:01","guid":{"rendered":"https:\/\/eglisolles.fr\/?p=3578"},"modified":"2025-08-20T11:34:02","modified_gmt":"2025-08-20T09:34:02","slug":"mesures-restriction-usage-de-leau-au-20-aout-2025","status":"publish","type":"post","link":"https:\/\/eglisolles.fr\/index.php\/2025\/08\/20\/mesures-restriction-usage-de-leau-au-20-aout-2025\/","title":{"rendered":"Mesures restriction usage de l&rsquo;eau au 20 Ao\u00fbt 2025"},"content":{"rendered":"\n<p><strong>Arr\u00eat\u00e9 pr\u00e9fectoral du 20 Ao\u00fbt 2025<\/strong><\/p>\n\n\n\n<p>Suite \u00e0 l\u2019arr\u00eat\u00e9 du 12 ao\u00fbt dernier instaurant des mesures de restriction de niveau crise sur une grande partie du d\u00e9partement n\u00e9cessitant des efforts de tous en termes de r\u00e9duction de sa consommation en eau, les mesures de restriction \u00e9voluent sur 2 nouveaux secteurs. Il s\u2019agit du bassin de l\u2019Alagnon qui passe au niveau crise et <strong>le bassin de l\u2019Ance<\/strong> qui passe en alerte renforc\u00e9e en coh\u00e9rence avec les mesures prises par les d\u00e9partements limitrophes. Les mesures de restriction sur ces 2 zones s\u2019appliquent sur les usages \u00e0 partir des eaux superficielles et pour la zone de l\u2019Ance \u00e9galement sur les eaux souterraines.<br><br>Les restrictions d\u00e9j\u00e0 mises en \u0153uvre restent applicables sur les autres zones du d\u00e9partement.<br><br>Le pr\u00e9fet du Puy-de-D\u00f4me a ainsi sign\u00e9 l&rsquo;arr\u00eat\u00e9 n\u00b020251321 en date du 19 ao\u00fbt 2025 instaurant les mesures de restriction des usages de l&rsquo;eau dans le Puy-de-D\u00f4me applicable le 20 ao\u00fbt 2025. Il abroge l&rsquo;arr\u00eat\u00e9 pr\u00e9fectoral n\u00b0 20251308 du 12 ao\u00fbt 2025. <br>Ce document est t\u00e9l\u00e9chargeable sur le site internet des services de l&rsquo;Etat \u00e0 partir du lien suivant : <a href=\"https:\/\/www.puy-de-dome.gouv.fr\/Actions-de-l-Etat\/Environnement-eau-prevention-des-risques-energie\/Eau\/Secheresse\/Etat-actuel-de-la-situation-hydrologique-dans-le-Puy-de-Dome\/Secheresse-2025-activation-de-nouvelles-restrictions-a-compter-du-19-aout-2025\" target=\"_blank\" rel=\"noreferrer noopener\">https:\/\/www.puy-de-dome.gouv.fr\/Actions-de-l-Etat\/Environnement-eau-prevention-des-risques-energie\/Eau\/Secheresse\/Etat-actuel-de-la-situation-hydrologique-dans-le-Puy-de-Dome\/Secheresse-2025-activation-de-nouvelles-restrictions-a-compter-du-19-aout-2025<\/a><br><br><a href=\"https:\/\/www.puy-de-dome.gouv.fr\/contenu\/telechargement\/26951\/221534\/file\/20240718_planche%20secheresse%202024%20VF.pdf\" target=\"_blank\" rel=\"noreferrer noopener\">https:\/\/www.puy-de-dome.gouv.fr\/contenu\/telechargement\/26951\/221534\/file\/20240718_planche%20secheresse%202024%20VF.pdf<\/a><br><br>Afin de faciliter la compr\u00e9hension et conna\u00eetre le niveau de restriction qui s\u2019applique sur sa commune et pour son usage de l\u2019eau, le site VigiEau est r\u00e9guli\u00e8rement mis \u00e0 jour. Il suffit de se connecter \u00e0 l\u2019adresse suivante : <a href=\"https:\/\/vigieau.gouv.fr\/\" target=\"_blank\" rel=\"noreferrer noopener\">https:\/\/vigieau.gouv.fr\/<\/a>, de s\u00e9lectionner la cat\u00e9gorie d\u2019usager (particulier, agriculteur, collectivit\u00e9, industriel), le type de ressource (eau superficielle, eau souterraine ou eau du robinet) pour conna\u00eetre le niveau de gravit\u00e9 et les mesures de restriction qui s\u2019appliquent.<br><br>Les services de l\u2019\u00c9tat poursuivent le suivi quotidien de la situation hydrologique du d\u00e9partement afin d\u2019\u00eatre r\u00e9actifs selon l&rsquo;\u00e9volution de la situation.<br>Nous vous tiendrons inform\u00e9s de l&rsquo;\u00e9volution des d\u00e9cisions qui seront prises.<br><br>Pour toutes questions et\/ou remarques, vous pouvez envoyer un message \u00e0 la boite suivante : <a href=\"mailto:ddt-politique-eau@puy-de-dome.gouv.fr\" target=\"_blank\" rel=\"noreferrer noopener\">ddt-politique-eau@puy-de-dome.gouv.fr<\/a><\/p>\n","protected":false},"excerpt":{"rendered":"<p>Arr\u00eat\u00e9 pr\u00e9fectoral du 20 Ao\u00fbt 2025 Suite \u00e0 l\u2019arr\u00eat\u00e9 du 12 ao\u00fbt dernier instaurant des mesures de restriction de niveau crise sur une grande partie du d\u00e9partement n\u00e9cessitant des efforts de tous en termes de r\u00e9duction de sa consommation en eau, les mesures de restriction \u00e9voluent sur 2 nouveaux secteurs. [&hellip;]<\/p>\n","protected":false},"author":1,"featured_media":3568,"comment_status":"closed","ping_status":"open","sticky":false,"template":"","format":"standard","meta":{"footnotes":""},"categories":[8,6],"tags":[],"class_list":["post-3578","post","type-post","status-publish","format-standard","has-post-thumbnail","hentry","category-en-une","category-infos-generales"],"yoast_head":"<!-- This site is optimized with the Yoast SEO plugin v27.4 - https:\/\/yoast.com\/product\/yoast-seo-wordpress\/ -->\n<title>Mesures restriction usage de l&#039;eau au 20 Ao\u00fbt 2025 - Eglisolles<\/title>\n<meta name=\"robots\" content=\"index, follow, max-snippet:-1, max-image-preview:large, max-video-preview:-1\" \/>\n<link rel=\"canonical\" href=\"https:\/\/eglisolles.fr\/index.php\/2025\/08\/20\/mesures-restriction-usage-de-leau-au-20-aout-2025\/\" \/>\n<meta property=\"og:locale\" content=\"fr_FR\" \/>\n<meta property=\"og:type\" content=\"article\" \/>\n<meta property=\"og:title\" content=\"Mesures restriction usage de l&#039;eau au 20 Ao\u00fbt 2025 - Eglisolles\" \/>\n<meta property=\"og:description\" content=\"Arr\u00eat\u00e9 pr\u00e9fectoral du 20 Ao\u00fbt 2025 Suite \u00e0 l\u2019arr\u00eat\u00e9 du 12 ao\u00fbt dernier instaurant des mesures de restriction de niveau crise sur une grande partie du d\u00e9partement n\u00e9cessitant des efforts de tous en termes de r\u00e9duction de sa consommation en eau, les mesures de restriction \u00e9voluent sur 2 nouveaux secteurs. [&hellip;]\" \/>\n<meta property=\"og:url\" content=\"https:\/\/eglisolles.fr\/index.php\/2025\/08\/20\/mesures-restriction-usage-de-leau-au-20-aout-2025\/\" \/>\n<meta property=\"og:site_name\" content=\"Eglisolles\" \/>\n<meta property=\"article:publisher\" content=\"https:\/\/www.facebook.com\/municipalite.deglisolles.1\" \/>\n<meta property=\"article:published_time\" content=\"2025-08-20T09:34:01+00:00\" \/>\n<meta property=\"article:modified_time\" content=\"2025-08-20T09:34:02+00:00\" \/>\n<meta property=\"og:image\" content=\"https:\/\/eglisolles.fr\/wp-content\/uploads\/2025\/08\/mesures_restrictions_eau_intro.jpg\" \/>\n\t<meta property=\"og:image:width\" content=\"350\" \/>\n\t<meta property=\"og:image:height\" content=\"118\" \/>\n\t<meta property=\"og:image:type\" content=\"image\/jpeg\" \/>\n<meta name=\"author\" content=\"Webmestre\" \/>\n<meta name=\"twitter:card\" content=\"summary_large_image\" \/>\n<meta name=\"twitter:label1\" content=\"\u00c9crit par\" \/>\n\t<meta name=\"twitter:data1\" content=\"Webmestre\" \/>\n\t<meta name=\"twitter:label2\" content=\"Dur\u00e9e de lecture estim\u00e9e\" \/>\n\t<meta name=\"twitter:data2\" content=\"2 minutes\" \/>\n<script type=\"application\/ld+json\" class=\"yoast-schema-graph\">{\"@context\":\"https:\\\/\\\/schema.org\",\"@graph\":[{\"@type\":\"Article\",\"@id\":\"https:\\\/\\\/eglisolles.fr\\\/index.php\\\/2025\\\/08\\\/20\\\/mesures-restriction-usage-de-leau-au-20-aout-2025\\\/#article\",\"isPartOf\":{\"@id\":\"https:\\\/\\\/eglisolles.fr\\\/index.php\\\/2025\\\/08\\\/20\\\/mesures-restriction-usage-de-leau-au-20-aout-2025\\\/\"},\"author\":{\"name\":\"Webmestre\",\"@id\":\"https:\\\/\\\/eglisolles.fr\\\/#\\\/schema\\\/person\\\/cdc018b5cccc8a540ffae7464f409151\"},\"headline\":\"Mesures restriction usage de l&rsquo;eau au 20 Ao\u00fbt 2025\",\"datePublished\":\"2025-08-20T09:34:01+00:00\",\"dateModified\":\"2025-08-20T09:34:02+00:00\",\"mainEntityOfPage\":{\"@id\":\"https:\\\/\\\/eglisolles.fr\\\/index.php\\\/2025\\\/08\\\/20\\\/mesures-restriction-usage-de-leau-au-20-aout-2025\\\/\"},\"wordCount\":380,\"publisher\":{\"@id\":\"https:\\\/\\\/eglisolles.fr\\\/#organization\"},\"image\":{\"@id\":\"https:\\\/\\\/eglisolles.fr\\\/index.php\\\/2025\\\/08\\\/20\\\/mesures-restriction-usage-de-leau-au-20-aout-2025\\\/#primaryimage\"},\"thumbnailUrl\":\"https:\\\/\\\/eglisolles.fr\\\/wp-content\\\/uploads\\\/2025\\\/08\\\/mesures_restrictions_eau_intro.jpg\",\"articleSection\":[\"En UNE\",\"Infos g\u00e9n\u00e9rales\"],\"inLanguage\":\"fr-FR\"},{\"@type\":\"WebPage\",\"@id\":\"https:\\\/\\\/eglisolles.fr\\\/index.php\\\/2025\\\/08\\\/20\\\/mesures-restriction-usage-de-leau-au-20-aout-2025\\\/\",\"url\":\"https:\\\/\\\/eglisolles.fr\\\/index.php\\\/2025\\\/08\\\/20\\\/mesures-restriction-usage-de-leau-au-20-aout-2025\\\/\",\"name\":\"Mesures restriction usage de l'eau au 20 Ao\u00fbt 2025 - Eglisolles\",\"isPartOf\":{\"@id\":\"https:\\\/\\\/eglisolles.fr\\\/#website\"},\"primaryImageOfPage\":{\"@id\":\"https:\\\/\\\/eglisolles.fr\\\/index.php\\\/2025\\\/08\\\/20\\\/mesures-restriction-usage-de-leau-au-20-aout-2025\\\/#primaryimage\"},\"image\":{\"@id\":\"https:\\\/\\\/eglisolles.fr\\\/index.php\\\/2025\\\/08\\\/20\\\/mesures-restriction-usage-de-leau-au-20-aout-2025\\\/#primaryimage\"},\"thumbnailUrl\":\"https:\\\/\\\/eglisolles.fr\\\/wp-content\\\/uploads\\\/2025\\\/08\\\/mesures_restrictions_eau_intro.jpg\",\"datePublished\":\"2025-08-20T09:34:01+00:00\",\"dateModified\":\"2025-08-20T09:34:02+00:00\",\"breadcrumb\":{\"@id\":\"https:\\\/\\\/eglisolles.fr\\\/index.php\\\/2025\\\/08\\\/20\\\/mesures-restriction-usage-de-leau-au-20-aout-2025\\\/#breadcrumb\"},\"inLanguage\":\"fr-FR\",\"potentialAction\":[{\"@type\":\"ReadAction\",\"target\":[\"https:\\\/\\\/eglisolles.fr\\\/index.php\\\/2025\\\/08\\\/20\\\/mesures-restriction-usage-de-leau-au-20-aout-2025\\\/\"]}]},{\"@type\":\"ImageObject\",\"inLanguage\":\"fr-FR\",\"@id\":\"https:\\\/\\\/eglisolles.fr\\\/index.php\\\/2025\\\/08\\\/20\\\/mesures-restriction-usage-de-leau-au-20-aout-2025\\\/#primaryimage\",\"url\":\"https:\\\/\\\/eglisolles.fr\\\/wp-content\\\/uploads\\\/2025\\\/08\\\/mesures_restrictions_eau_intro.jpg\",\"contentUrl\":\"https:\\\/\\\/eglisolles.fr\\\/wp-content\\\/uploads\\\/2025\\\/08\\\/mesures_restrictions_eau_intro.jpg\",\"width\":350,\"height\":118},{\"@type\":\"BreadcrumbList\",\"@id\":\"https:\\\/\\\/eglisolles.fr\\\/index.php\\\/2025\\\/08\\\/20\\\/mesures-restriction-usage-de-leau-au-20-aout-2025\\\/#breadcrumb\",\"itemListElement\":[{\"@type\":\"ListItem\",\"position\":1,\"name\":\"Accueil\",\"item\":\"https:\\\/\\\/eglisolles.fr\\\/\"},{\"@type\":\"ListItem\",\"position\":2,\"name\":\"Mesures restriction usage de l&rsquo;eau au 20 Ao\u00fbt 2025\"}]},{\"@type\":\"WebSite\",\"@id\":\"https:\\\/\\\/eglisolles.fr\\\/#website\",\"url\":\"https:\\\/\\\/eglisolles.fr\\\/\",\"name\":\"Eglisolles\",\"description\":\"Site de la Commune\",\"publisher\":{\"@id\":\"https:\\\/\\\/eglisolles.fr\\\/#organization\"},\"potentialAction\":[{\"@type\":\"SearchAction\",\"target\":{\"@type\":\"EntryPoint\",\"urlTemplate\":\"https:\\\/\\\/eglisolles.fr\\\/?s={search_term_string}\"},\"query-input\":{\"@type\":\"PropertyValueSpecification\",\"valueRequired\":true,\"valueName\":\"search_term_string\"}}],\"inLanguage\":\"fr-FR\"},{\"@type\":\"Organization\",\"@id\":\"https:\\\/\\\/eglisolles.fr\\\/#organization\",\"name\":\"Eglisolles\",\"url\":\"https:\\\/\\\/eglisolles.fr\\\/\",\"logo\":{\"@type\":\"ImageObject\",\"inLanguage\":\"fr-FR\",\"@id\":\"https:\\\/\\\/eglisolles.fr\\\/#\\\/schema\\\/logo\\\/image\\\/\",\"url\":\"https:\\\/\\\/eglisolles.fr\\\/wp-content\\\/uploads\\\/2021\\\/07\\\/cropped-logo_eglisolles_mairie_transp_5.png\",\"contentUrl\":\"https:\\\/\\\/eglisolles.fr\\\/wp-content\\\/uploads\\\/2021\\\/07\\\/cropped-logo_eglisolles_mairie_transp_5.png\",\"width\":428,\"height\":100,\"caption\":\"Eglisolles\"},\"image\":{\"@id\":\"https:\\\/\\\/eglisolles.fr\\\/#\\\/schema\\\/logo\\\/image\\\/\"},\"sameAs\":[\"https:\\\/\\\/www.facebook.com\\\/municipalite.deglisolles.1\"]},{\"@type\":\"Person\",\"@id\":\"https:\\\/\\\/eglisolles.fr\\\/#\\\/schema\\\/person\\\/cdc018b5cccc8a540ffae7464f409151\",\"name\":\"Webmestre\",\"image\":{\"@type\":\"ImageObject\",\"inLanguage\":\"fr-FR\",\"@id\":\"https:\\\/\\\/secure.gravatar.com\\\/avatar\\\/b0311cc869c26f543c6041b6abb61405b7997f2b9b213d3f0585373debe76b90?s=96&d=mm&r=g\",\"url\":\"https:\\\/\\\/secure.gravatar.com\\\/avatar\\\/b0311cc869c26f543c6041b6abb61405b7997f2b9b213d3f0585373debe76b90?s=96&d=mm&r=g\",\"contentUrl\":\"https:\\\/\\\/secure.gravatar.com\\\/avatar\\\/b0311cc869c26f543c6041b6abb61405b7997f2b9b213d3f0585373debe76b90?s=96&d=mm&r=g\",\"caption\":\"Webmestre\"},\"sameAs\":[\"https:\\\/\\\/eglisolles.fr\"],\"url\":\"https:\\\/\\\/eglisolles.fr\\\/index.php\\\/author\\\/christineadmmairie\\\/\"}]}<\/script>\n<!-- \/ Yoast SEO plugin. -->","yoast_head_json":{"title":"Mesures restriction usage de l'eau au 20 Ao\u00fbt 2025 - Eglisolles","robots":{"index":"index","follow":"follow","max-snippet":"max-snippet:-1","max-image-preview":"max-image-preview:large","max-video-preview":"max-video-preview:-1"},"canonical":"https:\/\/eglisolles.fr\/index.php\/2025\/08\/20\/mesures-restriction-usage-de-leau-au-20-aout-2025\/","og_locale":"fr_FR","og_type":"article","og_title":"Mesures restriction usage de l'eau au 20 Ao\u00fbt 2025 - Eglisolles","og_description":"Arr\u00eat\u00e9 pr\u00e9fectoral du 20 Ao\u00fbt 2025 Suite \u00e0 l\u2019arr\u00eat\u00e9 du 12 ao\u00fbt dernier instaurant des mesures de restriction de niveau crise sur une grande partie du d\u00e9partement n\u00e9cessitant des efforts de tous en termes de r\u00e9duction de sa consommation en eau, les mesures de restriction \u00e9voluent sur 2 nouveaux secteurs. [&hellip;]","og_url":"https:\/\/eglisolles.fr\/index.php\/2025\/08\/20\/mesures-restriction-usage-de-leau-au-20-aout-2025\/","og_site_name":"Eglisolles","article_publisher":"https:\/\/www.facebook.com\/municipalite.deglisolles.1","article_published_time":"2025-08-20T09:34:01+00:00","article_modified_time":"2025-08-20T09:34:02+00:00","og_image":[{"width":350,"height":118,"url":"https:\/\/eglisolles.fr\/wp-content\/uploads\/2025\/08\/mesures_restrictions_eau_intro.jpg","type":"image\/jpeg"}],"author":"Webmestre","twitter_card":"summary_large_image","twitter_misc":{"\u00c9crit par":"Webmestre","Dur\u00e9e de lecture estim\u00e9e":"2 minutes"},"schema":{"@context":"https:\/\/schema.org","@graph":[{"@type":"Article","@id":"https:\/\/eglisolles.fr\/index.php\/2025\/08\/20\/mesures-restriction-usage-de-leau-au-20-aout-2025\/#article","isPartOf":{"@id":"https:\/\/eglisolles.fr\/index.php\/2025\/08\/20\/mesures-restriction-usage-de-leau-au-20-aout-2025\/"},"author":{"name":"Webmestre","@id":"https:\/\/eglisolles.fr\/#\/schema\/person\/cdc018b5cccc8a540ffae7464f409151"},"headline":"Mesures restriction usage de l&rsquo;eau au 20 Ao\u00fbt 2025","datePublished":"2025-08-20T09:34:01+00:00","dateModified":"2025-08-20T09:34:02+00:00","mainEntityOfPage":{"@id":"https:\/\/eglisolles.fr\/index.php\/2025\/08\/20\/mesures-restriction-usage-de-leau-au-20-aout-2025\/"},"wordCount":380,"publisher":{"@id":"https:\/\/eglisolles.fr\/#organization"},"image":{"@id":"https:\/\/eglisolles.fr\/index.php\/2025\/08\/20\/mesures-restriction-usage-de-leau-au-20-aout-2025\/#primaryimage"},"thumbnailUrl":"https:\/\/eglisolles.fr\/wp-content\/uploads\/2025\/08\/mesures_restrictions_eau_intro.jpg","articleSection":["En UNE","Infos g\u00e9n\u00e9rales"],"inLanguage":"fr-FR"},{"@type":"WebPage","@id":"https:\/\/eglisolles.fr\/index.php\/2025\/08\/20\/mesures-restriction-usage-de-leau-au-20-aout-2025\/","url":"https:\/\/eglisolles.fr\/index.php\/2025\/08\/20\/mesures-restriction-usage-de-leau-au-20-aout-2025\/","name":"Mesures restriction usage de l'eau au 20 Ao\u00fbt 2025 - Eglisolles","isPartOf":{"@id":"https:\/\/eglisolles.fr\/#website"},"primaryImageOfPage":{"@id":"https:\/\/eglisolles.fr\/index.php\/2025\/08\/20\/mesures-restriction-usage-de-leau-au-20-aout-2025\/#primaryimage"},"image":{"@id":"https:\/\/eglisolles.fr\/index.php\/2025\/08\/20\/mesures-restriction-usage-de-leau-au-20-aout-2025\/#primaryimage"},"thumbnailUrl":"https:\/\/eglisolles.fr\/wp-content\/uploads\/2025\/08\/mesures_restrictions_eau_intro.jpg","datePublished":"2025-08-20T09:34:01+00:00","dateModified":"2025-08-20T09:34:02+00:00","breadcrumb":{"@id":"https:\/\/eglisolles.fr\/index.php\/2025\/08\/20\/mesures-restriction-usage-de-leau-au-20-aout-2025\/#breadcrumb"},"inLanguage":"fr-FR","potentialAction":[{"@type":"ReadAction","target":["https:\/\/eglisolles.fr\/index.php\/2025\/08\/20\/mesures-restriction-usage-de-leau-au-20-aout-2025\/"]}]},{"@type":"ImageObject","inLanguage":"fr-FR","@id":"https:\/\/eglisolles.fr\/index.php\/2025\/08\/20\/mesures-restriction-usage-de-leau-au-20-aout-2025\/#primaryimage","url":"https:\/\/eglisolles.fr\/wp-content\/uploads\/2025\/08\/mesures_restrictions_eau_intro.jpg","contentUrl":"https:\/\/eglisolles.fr\/wp-content\/uploads\/2025\/08\/mesures_restrictions_eau_intro.jpg","width":350,"height":118},{"@type":"BreadcrumbList","@id":"https:\/\/eglisolles.fr\/index.php\/2025\/08\/20\/mesures-restriction-usage-de-leau-au-20-aout-2025\/#breadcrumb","itemListElement":[{"@type":"ListItem","position":1,"name":"Accueil","item":"https:\/\/eglisolles.fr\/"},{"@type":"ListItem","position":2,"name":"Mesures restriction usage de l&rsquo;eau au 20 Ao\u00fbt 2025"}]},{"@type":"WebSite","@id":"https:\/\/eglisolles.fr\/#website","url":"https:\/\/eglisolles.fr\/","name":"Eglisolles","description":"Site de la Commune","publisher":{"@id":"https:\/\/eglisolles.fr\/#organization"},"potentialAction":[{"@type":"SearchAction","target":{"@type":"EntryPoint","urlTemplate":"https:\/\/eglisolles.fr\/?s={search_term_string}"},"query-input":{"@type":"PropertyValueSpecification","valueRequired":true,"valueName":"search_term_string"}}],"inLanguage":"fr-FR"},{"@type":"Organization","@id":"https:\/\/eglisolles.fr\/#organization","name":"Eglisolles","url":"https:\/\/eglisolles.fr\/","logo":{"@type":"ImageObject","inLanguage":"fr-FR","@id":"https:\/\/eglisolles.fr\/#\/schema\/logo\/image\/","url":"https:\/\/eglisolles.fr\/wp-content\/uploads\/2021\/07\/cropped-logo_eglisolles_mairie_transp_5.png","contentUrl":"https:\/\/eglisolles.fr\/wp-content\/uploads\/2021\/07\/cropped-logo_eglisolles_mairie_transp_5.png","width":428,"height":100,"caption":"Eglisolles"},"image":{"@id":"https:\/\/eglisolles.fr\/#\/schema\/logo\/image\/"},"sameAs":["https:\/\/www.facebook.com\/municipalite.deglisolles.1"]},{"@type":"Person","@id":"https:\/\/eglisolles.fr\/#\/schema\/person\/cdc018b5cccc8a540ffae7464f409151","name":"Webmestre","image":{"@type":"ImageObject","inLanguage":"fr-FR","@id":"https:\/\/secure.gravatar.com\/avatar\/b0311cc869c26f543c6041b6abb61405b7997f2b9b213d3f0585373debe76b90?s=96&d=mm&r=g","url":"https:\/\/secure.gravatar.com\/avatar\/b0311cc869c26f543c6041b6abb61405b7997f2b9b213d3f0585373debe76b90?s=96&d=mm&r=g","contentUrl":"https:\/\/secure.gravatar.com\/avatar\/b0311cc869c26f543c6041b6abb61405b7997f2b9b213d3f0585373debe76b90?s=96&d=mm&r=g","caption":"Webmestre"},"sameAs":["https:\/\/eglisolles.fr"],"url":"https:\/\/eglisolles.fr\/index.php\/author\/christineadmmairie\/"}]}},"_links":{"self":[{"href":"https:\/\/eglisolles.fr\/index.php\/wp-json\/wp\/v2\/posts\/3578","targetHints":{"allow":["GET"]}}],"collection":[{"href":"https:\/\/eglisolles.fr\/index.php\/wp-json\/wp\/v2\/posts"}],"about":[{"href":"https:\/\/eglisolles.fr\/index.php\/wp-json\/wp\/v2\/types\/post"}],"author":[{"embeddable":true,"href":"https:\/\/eglisolles.fr\/index.php\/wp-json\/wp\/v2\/users\/1"}],"replies":[{"embeddable":true,"href":"https:\/\/eglisolles.fr\/index.php\/wp-json\/wp\/v2\/comments?post=3578"}],"version-history":[{"count":1,"href":"https:\/\/eglisolles.fr\/index.php\/wp-json\/wp\/v2\/posts\/3578\/revisions"}],"predecessor-version":[{"id":3579,"href":"https:\/\/eglisolles.fr\/index.php\/wp-json\/wp\/v2\/posts\/3578\/revisions\/3579"}],"wp:featuredmedia":[{"embeddable":true,"href":"https:\/\/eglisolles.fr\/index.php\/wp-json\/wp\/v2\/media\/3568"}],"wp:attachment":[{"href":"https:\/\/eglisolles.fr\/index.php\/wp-json\/wp\/v2\/media?parent=3578"}],"wp:term":[{"taxonomy":"category","embeddable":true,"href":"https:\/\/eglisolles.fr\/index.php\/wp-json\/wp\/v2\/categories?post=3578"},{"taxonomy":"post_tag","embeddable":true,"href":"https:\/\/eglisolles.fr\/index.php\/wp-json\/wp\/v2\/tags?post=3578"}],"curies":[{"name":"wp","href":"https:\/\/api.w.org\/{rel}","templated":true}]}}