{"id":3564,"date":"2025-08-06T13:52:09","date_gmt":"2025-08-06T11:52:09","guid":{"rendered":"https:\/\/eglisolles.fr\/?p=3564"},"modified":"2025-08-20T11:35:18","modified_gmt":"2025-08-20T09:35:18","slug":"mesures-de-restriction-de-lusage-de-leau","status":"publish","type":"post","link":"https:\/\/eglisolles.fr\/index.php\/2025\/08\/06\/mesures-de-restriction-de-lusage-de-leau\/","title":{"rendered":"Mesures de restriction de l&rsquo;usage de l&rsquo;eau"},"content":{"rendered":"\n<p><strong>Arr\u00eat\u00e9 pr\u00e9fectoral \u00e0  compter du 6 Ao\u00fbt 2025<\/strong><\/p>\n\n\n\n<p>Apr\u00e8s l\u2019\u00e9pisode pluvieux des 24 et 25 juillet qui a permis une remont\u00e9e ponctuelle des d\u00e9bits, les conditions m\u00e9t\u00e9orologiques ont \u00e9volu\u00e9 en une p\u00e9riode s\u00e8che coupl\u00e9e \u00e0 une augmentation progressive des temp\u00e9ratures. De plus, une vague de chaleur est annonc\u00e9e sur la France pour les 15 jours \u00e0 venir. En cons\u00e9quence, la plupart des d\u00e9bits des cours d\u2019eau montrent une tendance tr\u00e8s rapide \u00e0 la baisse, notamment sur la frange Est du d\u00e9partement.<br><br>Au regard de cette situation, le pr\u00e9fet du Puy-de-D\u00f4me a d\u00e9cid\u00e9 de prendre de nouvelles mesures de restriction des usages non prioritaires et d\u2019appliquer le <strong>niveau alerte sur la zone Dore aval et sur la zone de l\u2019Ance<\/strong> \u00e0 la fois pour les <strong>usages \u00e0 partir des eaux superficielles<\/strong> et les <strong>usages \u00e0 partir des eaux souterraines et du r\u00e9seau eau potable<\/strong>.<br>Les <strong>restrictions d\u00e9j\u00e0 mises en \u0153uvre sur les autres zones du d\u00e9partement restent applicables<\/strong>.<br><br>Il a sign\u00e9 <strong>l&rsquo;arr\u00eat\u00e9 n\u00b020251270 en date du 5 ao\u00fbt 2025 instaurant les mesures de restriction des usages de l&rsquo;eau dans le Puy-de-D\u00f4me applicable d\u00e8s le 6 ao\u00fbt 2025. <\/strong>Il abroge l&rsquo;arr\u00eat\u00e9 pr\u00e9fectoral n\u00b0 20251258 du 30 juillet 2025. Ce document est t\u00e9l\u00e9chargeable sur le site internet des services de l&rsquo;Etat et \u00e0 partir du lien suivant :<a href=\"https:\/\/www.puy-de-dome.gouv.fr\/Actions-de-l-Etat\/Environnement-eau-prevention-des-risques-energie\/Eau\/Secheresse\/Etat-actuel-de-la-situation-hydrologique-dans-le-Puy-de-Dome\/Secheresse-2025-activation-de-nouvelles-restrictions-a-compter-du-6-aout-2025\" target=\"_blank\" rel=\"noreferrer noopener\">https:\/\/www.puy-de-dome.gouv.fr\/Actions-de-l-Etat\/Environnement-eau-prevention-des-risques-energie\/Eau\/Secheresse\/Etat-actuel-de-la-situation-hydrologique-dans-le-Puy-de-Dome\/Secheresse-2025-activation-de-nouvelles-restrictions-a-compter-du-6-aout-2025<br><\/a><br>Au regard de cette situation, il est important de communiquer aupr\u00e8s des habitants de votre commune afin qu&rsquo;ils appliquent les mesures d\u00e9cid\u00e9es. Pour vous faciliter cette communication, vous trouverez avec le lien suivant des fiches de communication \u00e0 dupliquer et \u00e0 afficher.<br><a href=\"https:\/\/www.puy-de-dome.gouv.fr\/contenu\/telechargement\/26951\/221534\/file\/20240718_planche%20secheresse%202024%20VF.pdf\" target=\"_blank\" rel=\"noreferrer noopener\">https:\/\/www.puy-de-dome.gouv.fr\/contenu\/telechargement\/26951\/221534\/file\/20240718_planche%20secheresse%202024%20VF.pdf<\/a><br><br>Afin de faciliter la compr\u00e9hension et conna\u00eetre le niveau de restriction qui s\u2019applique sur sa commune et pour son usage de l\u2019eau, le site VigiEau est r\u00e9guli\u00e8rement mis \u00e0 jour. Il suffit de se connecter \u00e0 l\u2019adresse suivante : <a href=\"https:\/\/vigieau.gouv.fr\/\" target=\"_blank\" rel=\"noreferrer noopener\">https:\/\/vigieau.gouv.fr\/<\/a>, de s\u00e9lectionner la cat\u00e9gorie d\u2019usager (particulier, agriculteur, collectivit\u00e9, industriel), le type de ressource (eau superficielle, eau souterraine ou eau du robinet) pour conna\u00eetre le niveau de gravit\u00e9 et les mesures de restriction qui s\u2019appliquent.<br><br>Les services de l\u2019\u00c9tat poursuivent le suivi quotidien de la situation hydrologique du d\u00e9partement afin d\u2019\u00eatre r\u00e9actifs si la situation venait \u00e0 se d\u00e9grader \u00e0 nouveau.<br>Nous vous tiendrons inform\u00e9s de l&rsquo;\u00e9volution des d\u00e9cisions qui seront prises.<\/p>\n","protected":false},"excerpt":{"rendered":"<p>Arr\u00eat\u00e9 pr\u00e9fectoral \u00e0 compter du 6 Ao\u00fbt 2025 Apr\u00e8s l\u2019\u00e9pisode pluvieux des 24 et 25 juillet qui a permis une remont\u00e9e ponctuelle des d\u00e9bits, les conditions m\u00e9t\u00e9orologiques ont \u00e9volu\u00e9 en une p\u00e9riode s\u00e8che coupl\u00e9e \u00e0 une augmentation progressive des temp\u00e9ratures. De plus, une vague de chaleur est annonc\u00e9e sur la [&hellip;]<\/p>\n","protected":false},"author":1,"featured_media":3568,"comment_status":"closed","ping_status":"open","sticky":false,"template":"","format":"standard","meta":{"footnotes":""},"categories":[6],"tags":[],"class_list":["post-3564","post","type-post","status-publish","format-standard","has-post-thumbnail","hentry","category-infos-generales"],"yoast_head":"<!-- This site is optimized with the Yoast SEO plugin v27.4 - https:\/\/yoast.com\/product\/yoast-seo-wordpress\/ -->\n<title>Mesures de restriction de l&#039;usage de l&#039;eau - Eglisolles<\/title>\n<meta name=\"robots\" content=\"index, follow, max-snippet:-1, max-image-preview:large, max-video-preview:-1\" \/>\n<link rel=\"canonical\" href=\"https:\/\/eglisolles.fr\/index.php\/2025\/08\/06\/mesures-de-restriction-de-lusage-de-leau\/\" \/>\n<meta property=\"og:locale\" content=\"fr_FR\" \/>\n<meta property=\"og:type\" content=\"article\" \/>\n<meta property=\"og:title\" content=\"Mesures de restriction de l&#039;usage de l&#039;eau - Eglisolles\" \/>\n<meta property=\"og:description\" content=\"Arr\u00eat\u00e9 pr\u00e9fectoral \u00e0 compter du 6 Ao\u00fbt 2025 Apr\u00e8s l\u2019\u00e9pisode pluvieux des 24 et 25 juillet qui a permis une remont\u00e9e ponctuelle des d\u00e9bits, les conditions m\u00e9t\u00e9orologiques ont \u00e9volu\u00e9 en une p\u00e9riode s\u00e8che coupl\u00e9e \u00e0 une augmentation progressive des temp\u00e9ratures. De plus, une vague de chaleur est annonc\u00e9e sur la [&hellip;]\" \/>\n<meta property=\"og:url\" content=\"https:\/\/eglisolles.fr\/index.php\/2025\/08\/06\/mesures-de-restriction-de-lusage-de-leau\/\" \/>\n<meta property=\"og:site_name\" content=\"Eglisolles\" \/>\n<meta property=\"article:publisher\" content=\"https:\/\/www.facebook.com\/municipalite.deglisolles.1\" \/>\n<meta property=\"article:published_time\" content=\"2025-08-06T11:52:09+00:00\" \/>\n<meta property=\"article:modified_time\" content=\"2025-08-20T09:35:18+00:00\" \/>\n<meta property=\"og:image\" content=\"https:\/\/eglisolles.fr\/wp-content\/uploads\/2025\/08\/mesures_restrictions_eau_intro.jpg\" \/>\n\t<meta property=\"og:image:width\" content=\"350\" \/>\n\t<meta property=\"og:image:height\" content=\"118\" \/>\n\t<meta property=\"og:image:type\" content=\"image\/jpeg\" \/>\n<meta name=\"author\" content=\"Webmestre\" \/>\n<meta name=\"twitter:card\" content=\"summary_large_image\" \/>\n<meta name=\"twitter:label1\" content=\"\u00c9crit par\" \/>\n\t<meta name=\"twitter:data1\" content=\"Webmestre\" \/>\n\t<meta name=\"twitter:label2\" content=\"Dur\u00e9e de lecture estim\u00e9e\" \/>\n\t<meta name=\"twitter:data2\" content=\"2 minutes\" \/>\n<script type=\"application\/ld+json\" class=\"yoast-schema-graph\">{\"@context\":\"https:\\\/\\\/schema.org\",\"@graph\":[{\"@type\":\"Article\",\"@id\":\"https:\\\/\\\/eglisolles.fr\\\/index.php\\\/2025\\\/08\\\/06\\\/mesures-de-restriction-de-lusage-de-leau\\\/#article\",\"isPartOf\":{\"@id\":\"https:\\\/\\\/eglisolles.fr\\\/index.php\\\/2025\\\/08\\\/06\\\/mesures-de-restriction-de-lusage-de-leau\\\/\"},\"author\":{\"name\":\"Webmestre\",\"@id\":\"https:\\\/\\\/eglisolles.fr\\\/#\\\/schema\\\/person\\\/cdc018b5cccc8a540ffae7464f409151\"},\"headline\":\"Mesures de restriction de l&rsquo;usage de l&rsquo;eau\",\"datePublished\":\"2025-08-06T11:52:09+00:00\",\"dateModified\":\"2025-08-20T09:35:18+00:00\",\"mainEntityOfPage\":{\"@id\":\"https:\\\/\\\/eglisolles.fr\\\/index.php\\\/2025\\\/08\\\/06\\\/mesures-de-restriction-de-lusage-de-leau\\\/\"},\"wordCount\":441,\"publisher\":{\"@id\":\"https:\\\/\\\/eglisolles.fr\\\/#organization\"},\"image\":{\"@id\":\"https:\\\/\\\/eglisolles.fr\\\/index.php\\\/2025\\\/08\\\/06\\\/mesures-de-restriction-de-lusage-de-leau\\\/#primaryimage\"},\"thumbnailUrl\":\"https:\\\/\\\/eglisolles.fr\\\/wp-content\\\/uploads\\\/2025\\\/08\\\/mesures_restrictions_eau_intro.jpg\",\"articleSection\":[\"Infos g\u00e9n\u00e9rales\"],\"inLanguage\":\"fr-FR\"},{\"@type\":\"WebPage\",\"@id\":\"https:\\\/\\\/eglisolles.fr\\\/index.php\\\/2025\\\/08\\\/06\\\/mesures-de-restriction-de-lusage-de-leau\\\/\",\"url\":\"https:\\\/\\\/eglisolles.fr\\\/index.php\\\/2025\\\/08\\\/06\\\/mesures-de-restriction-de-lusage-de-leau\\\/\",\"name\":\"Mesures de restriction de l'usage de l'eau - Eglisolles\",\"isPartOf\":{\"@id\":\"https:\\\/\\\/eglisolles.fr\\\/#website\"},\"primaryImageOfPage\":{\"@id\":\"https:\\\/\\\/eglisolles.fr\\\/index.php\\\/2025\\\/08\\\/06\\\/mesures-de-restriction-de-lusage-de-leau\\\/#primaryimage\"},\"image\":{\"@id\":\"https:\\\/\\\/eglisolles.fr\\\/index.php\\\/2025\\\/08\\\/06\\\/mesures-de-restriction-de-lusage-de-leau\\\/#primaryimage\"},\"thumbnailUrl\":\"https:\\\/\\\/eglisolles.fr\\\/wp-content\\\/uploads\\\/2025\\\/08\\\/mesures_restrictions_eau_intro.jpg\",\"datePublished\":\"2025-08-06T11:52:09+00:00\",\"dateModified\":\"2025-08-20T09:35:18+00:00\",\"breadcrumb\":{\"@id\":\"https:\\\/\\\/eglisolles.fr\\\/index.php\\\/2025\\\/08\\\/06\\\/mesures-de-restriction-de-lusage-de-leau\\\/#breadcrumb\"},\"inLanguage\":\"fr-FR\",\"potentialAction\":[{\"@type\":\"ReadAction\",\"target\":[\"https:\\\/\\\/eglisolles.fr\\\/index.php\\\/2025\\\/08\\\/06\\\/mesures-de-restriction-de-lusage-de-leau\\\/\"]}]},{\"@type\":\"ImageObject\",\"inLanguage\":\"fr-FR\",\"@id\":\"https:\\\/\\\/eglisolles.fr\\\/index.php\\\/2025\\\/08\\\/06\\\/mesures-de-restriction-de-lusage-de-leau\\\/#primaryimage\",\"url\":\"https:\\\/\\\/eglisolles.fr\\\/wp-content\\\/uploads\\\/2025\\\/08\\\/mesures_restrictions_eau_intro.jpg\",\"contentUrl\":\"https:\\\/\\\/eglisolles.fr\\\/wp-content\\\/uploads\\\/2025\\\/08\\\/mesures_restrictions_eau_intro.jpg\",\"width\":350,\"height\":118},{\"@type\":\"BreadcrumbList\",\"@id\":\"https:\\\/\\\/eglisolles.fr\\\/index.php\\\/2025\\\/08\\\/06\\\/mesures-de-restriction-de-lusage-de-leau\\\/#breadcrumb\",\"itemListElement\":[{\"@type\":\"ListItem\",\"position\":1,\"name\":\"Accueil\",\"item\":\"https:\\\/\\\/eglisolles.fr\\\/\"},{\"@type\":\"ListItem\",\"position\":2,\"name\":\"Mesures de restriction de l&rsquo;usage de l&rsquo;eau\"}]},{\"@type\":\"WebSite\",\"@id\":\"https:\\\/\\\/eglisolles.fr\\\/#website\",\"url\":\"https:\\\/\\\/eglisolles.fr\\\/\",\"name\":\"Eglisolles\",\"description\":\"Site de la Commune\",\"publisher\":{\"@id\":\"https:\\\/\\\/eglisolles.fr\\\/#organization\"},\"potentialAction\":[{\"@type\":\"SearchAction\",\"target\":{\"@type\":\"EntryPoint\",\"urlTemplate\":\"https:\\\/\\\/eglisolles.fr\\\/?s={search_term_string}\"},\"query-input\":{\"@type\":\"PropertyValueSpecification\",\"valueRequired\":true,\"valueName\":\"search_term_string\"}}],\"inLanguage\":\"fr-FR\"},{\"@type\":\"Organization\",\"@id\":\"https:\\\/\\\/eglisolles.fr\\\/#organization\",\"name\":\"Eglisolles\",\"url\":\"https:\\\/\\\/eglisolles.fr\\\/\",\"logo\":{\"@type\":\"ImageObject\",\"inLanguage\":\"fr-FR\",\"@id\":\"https:\\\/\\\/eglisolles.fr\\\/#\\\/schema\\\/logo\\\/image\\\/\",\"url\":\"https:\\\/\\\/eglisolles.fr\\\/wp-content\\\/uploads\\\/2021\\\/07\\\/cropped-logo_eglisolles_mairie_transp_5.png\",\"contentUrl\":\"https:\\\/\\\/eglisolles.fr\\\/wp-content\\\/uploads\\\/2021\\\/07\\\/cropped-logo_eglisolles_mairie_transp_5.png\",\"width\":428,\"height\":100,\"caption\":\"Eglisolles\"},\"image\":{\"@id\":\"https:\\\/\\\/eglisolles.fr\\\/#\\\/schema\\\/logo\\\/image\\\/\"},\"sameAs\":[\"https:\\\/\\\/www.facebook.com\\\/municipalite.deglisolles.1\"]},{\"@type\":\"Person\",\"@id\":\"https:\\\/\\\/eglisolles.fr\\\/#\\\/schema\\\/person\\\/cdc018b5cccc8a540ffae7464f409151\",\"name\":\"Webmestre\",\"image\":{\"@type\":\"ImageObject\",\"inLanguage\":\"fr-FR\",\"@id\":\"https:\\\/\\\/secure.gravatar.com\\\/avatar\\\/b0311cc869c26f543c6041b6abb61405b7997f2b9b213d3f0585373debe76b90?s=96&d=mm&r=g\",\"url\":\"https:\\\/\\\/secure.gravatar.com\\\/avatar\\\/b0311cc869c26f543c6041b6abb61405b7997f2b9b213d3f0585373debe76b90?s=96&d=mm&r=g\",\"contentUrl\":\"https:\\\/\\\/secure.gravatar.com\\\/avatar\\\/b0311cc869c26f543c6041b6abb61405b7997f2b9b213d3f0585373debe76b90?s=96&d=mm&r=g\",\"caption\":\"Webmestre\"},\"sameAs\":[\"https:\\\/\\\/eglisolles.fr\"],\"url\":\"https:\\\/\\\/eglisolles.fr\\\/index.php\\\/author\\\/christineadmmairie\\\/\"}]}<\/script>\n<!-- \/ Yoast SEO plugin. -->","yoast_head_json":{"title":"Mesures de restriction de l'usage de l'eau - Eglisolles","robots":{"index":"index","follow":"follow","max-snippet":"max-snippet:-1","max-image-preview":"max-image-preview:large","max-video-preview":"max-video-preview:-1"},"canonical":"https:\/\/eglisolles.fr\/index.php\/2025\/08\/06\/mesures-de-restriction-de-lusage-de-leau\/","og_locale":"fr_FR","og_type":"article","og_title":"Mesures de restriction de l'usage de l'eau - Eglisolles","og_description":"Arr\u00eat\u00e9 pr\u00e9fectoral \u00e0 compter du 6 Ao\u00fbt 2025 Apr\u00e8s l\u2019\u00e9pisode pluvieux des 24 et 25 juillet qui a permis une remont\u00e9e ponctuelle des d\u00e9bits, les conditions m\u00e9t\u00e9orologiques ont \u00e9volu\u00e9 en une p\u00e9riode s\u00e8che coupl\u00e9e \u00e0 une augmentation progressive des temp\u00e9ratures. De plus, une vague de chaleur est annonc\u00e9e sur la [&hellip;]","og_url":"https:\/\/eglisolles.fr\/index.php\/2025\/08\/06\/mesures-de-restriction-de-lusage-de-leau\/","og_site_name":"Eglisolles","article_publisher":"https:\/\/www.facebook.com\/municipalite.deglisolles.1","article_published_time":"2025-08-06T11:52:09+00:00","article_modified_time":"2025-08-20T09:35:18+00:00","og_image":[{"width":350,"height":118,"url":"https:\/\/eglisolles.fr\/wp-content\/uploads\/2025\/08\/mesures_restrictions_eau_intro.jpg","type":"image\/jpeg"}],"author":"Webmestre","twitter_card":"summary_large_image","twitter_misc":{"\u00c9crit par":"Webmestre","Dur\u00e9e de lecture estim\u00e9e":"2 minutes"},"schema":{"@context":"https:\/\/schema.org","@graph":[{"@type":"Article","@id":"https:\/\/eglisolles.fr\/index.php\/2025\/08\/06\/mesures-de-restriction-de-lusage-de-leau\/#article","isPartOf":{"@id":"https:\/\/eglisolles.fr\/index.php\/2025\/08\/06\/mesures-de-restriction-de-lusage-de-leau\/"},"author":{"name":"Webmestre","@id":"https:\/\/eglisolles.fr\/#\/schema\/person\/cdc018b5cccc8a540ffae7464f409151"},"headline":"Mesures de restriction de l&rsquo;usage de l&rsquo;eau","datePublished":"2025-08-06T11:52:09+00:00","dateModified":"2025-08-20T09:35:18+00:00","mainEntityOfPage":{"@id":"https:\/\/eglisolles.fr\/index.php\/2025\/08\/06\/mesures-de-restriction-de-lusage-de-leau\/"},"wordCount":441,"publisher":{"@id":"https:\/\/eglisolles.fr\/#organization"},"image":{"@id":"https:\/\/eglisolles.fr\/index.php\/2025\/08\/06\/mesures-de-restriction-de-lusage-de-leau\/#primaryimage"},"thumbnailUrl":"https:\/\/eglisolles.fr\/wp-content\/uploads\/2025\/08\/mesures_restrictions_eau_intro.jpg","articleSection":["Infos g\u00e9n\u00e9rales"],"inLanguage":"fr-FR"},{"@type":"WebPage","@id":"https:\/\/eglisolles.fr\/index.php\/2025\/08\/06\/mesures-de-restriction-de-lusage-de-leau\/","url":"https:\/\/eglisolles.fr\/index.php\/2025\/08\/06\/mesures-de-restriction-de-lusage-de-leau\/","name":"Mesures de restriction de l'usage de l'eau - Eglisolles","isPartOf":{"@id":"https:\/\/eglisolles.fr\/#website"},"primaryImageOfPage":{"@id":"https:\/\/eglisolles.fr\/index.php\/2025\/08\/06\/mesures-de-restriction-de-lusage-de-leau\/#primaryimage"},"image":{"@id":"https:\/\/eglisolles.fr\/index.php\/2025\/08\/06\/mesures-de-restriction-de-lusage-de-leau\/#primaryimage"},"thumbnailUrl":"https:\/\/eglisolles.fr\/wp-content\/uploads\/2025\/08\/mesures_restrictions_eau_intro.jpg","datePublished":"2025-08-06T11:52:09+00:00","dateModified":"2025-08-20T09:35:18+00:00","breadcrumb":{"@id":"https:\/\/eglisolles.fr\/index.php\/2025\/08\/06\/mesures-de-restriction-de-lusage-de-leau\/#breadcrumb"},"inLanguage":"fr-FR","potentialAction":[{"@type":"ReadAction","target":["https:\/\/eglisolles.fr\/index.php\/2025\/08\/06\/mesures-de-restriction-de-lusage-de-leau\/"]}]},{"@type":"ImageObject","inLanguage":"fr-FR","@id":"https:\/\/eglisolles.fr\/index.php\/2025\/08\/06\/mesures-de-restriction-de-lusage-de-leau\/#primaryimage","url":"https:\/\/eglisolles.fr\/wp-content\/uploads\/2025\/08\/mesures_restrictions_eau_intro.jpg","contentUrl":"https:\/\/eglisolles.fr\/wp-content\/uploads\/2025\/08\/mesures_restrictions_eau_intro.jpg","width":350,"height":118},{"@type":"BreadcrumbList","@id":"https:\/\/eglisolles.fr\/index.php\/2025\/08\/06\/mesures-de-restriction-de-lusage-de-leau\/#breadcrumb","itemListElement":[{"@type":"ListItem","position":1,"name":"Accueil","item":"https:\/\/eglisolles.fr\/"},{"@type":"ListItem","position":2,"name":"Mesures de restriction de l&rsquo;usage de l&rsquo;eau"}]},{"@type":"WebSite","@id":"https:\/\/eglisolles.fr\/#website","url":"https:\/\/eglisolles.fr\/","name":"Eglisolles","description":"Site de la Commune","publisher":{"@id":"https:\/\/eglisolles.fr\/#organization"},"potentialAction":[{"@type":"SearchAction","target":{"@type":"EntryPoint","urlTemplate":"https:\/\/eglisolles.fr\/?s={search_term_string}"},"query-input":{"@type":"PropertyValueSpecification","valueRequired":true,"valueName":"search_term_string"}}],"inLanguage":"fr-FR"},{"@type":"Organization","@id":"https:\/\/eglisolles.fr\/#organization","name":"Eglisolles","url":"https:\/\/eglisolles.fr\/","logo":{"@type":"ImageObject","inLanguage":"fr-FR","@id":"https:\/\/eglisolles.fr\/#\/schema\/logo\/image\/","url":"https:\/\/eglisolles.fr\/wp-content\/uploads\/2021\/07\/cropped-logo_eglisolles_mairie_transp_5.png","contentUrl":"https:\/\/eglisolles.fr\/wp-content\/uploads\/2021\/07\/cropped-logo_eglisolles_mairie_transp_5.png","width":428,"height":100,"caption":"Eglisolles"},"image":{"@id":"https:\/\/eglisolles.fr\/#\/schema\/logo\/image\/"},"sameAs":["https:\/\/www.facebook.com\/municipalite.deglisolles.1"]},{"@type":"Person","@id":"https:\/\/eglisolles.fr\/#\/schema\/person\/cdc018b5cccc8a540ffae7464f409151","name":"Webmestre","image":{"@type":"ImageObject","inLanguage":"fr-FR","@id":"https:\/\/secure.gravatar.com\/avatar\/b0311cc869c26f543c6041b6abb61405b7997f2b9b213d3f0585373debe76b90?s=96&d=mm&r=g","url":"https:\/\/secure.gravatar.com\/avatar\/b0311cc869c26f543c6041b6abb61405b7997f2b9b213d3f0585373debe76b90?s=96&d=mm&r=g","contentUrl":"https:\/\/secure.gravatar.com\/avatar\/b0311cc869c26f543c6041b6abb61405b7997f2b9b213d3f0585373debe76b90?s=96&d=mm&r=g","caption":"Webmestre"},"sameAs":["https:\/\/eglisolles.fr"],"url":"https:\/\/eglisolles.fr\/index.php\/author\/christineadmmairie\/"}]}},"_links":{"self":[{"href":"https:\/\/eglisolles.fr\/index.php\/wp-json\/wp\/v2\/posts\/3564","targetHints":{"allow":["GET"]}}],"collection":[{"href":"https:\/\/eglisolles.fr\/index.php\/wp-json\/wp\/v2\/posts"}],"about":[{"href":"https:\/\/eglisolles.fr\/index.php\/wp-json\/wp\/v2\/types\/post"}],"author":[{"embeddable":true,"href":"https:\/\/eglisolles.fr\/index.php\/wp-json\/wp\/v2\/users\/1"}],"replies":[{"embeddable":true,"href":"https:\/\/eglisolles.fr\/index.php\/wp-json\/wp\/v2\/comments?post=3564"}],"version-history":[{"count":2,"href":"https:\/\/eglisolles.fr\/index.php\/wp-json\/wp\/v2\/posts\/3564\/revisions"}],"predecessor-version":[{"id":3567,"href":"https:\/\/eglisolles.fr\/index.php\/wp-json\/wp\/v2\/posts\/3564\/revisions\/3567"}],"wp:featuredmedia":[{"embeddable":true,"href":"https:\/\/eglisolles.fr\/index.php\/wp-json\/wp\/v2\/media\/3568"}],"wp:attachment":[{"href":"https:\/\/eglisolles.fr\/index.php\/wp-json\/wp\/v2\/media?parent=3564"}],"wp:term":[{"taxonomy":"category","embeddable":true,"href":"https:\/\/eglisolles.fr\/index.php\/wp-json\/wp\/v2\/categories?post=3564"},{"taxonomy":"post_tag","embeddable":true,"href":"https:\/\/eglisolles.fr\/index.php\/wp-json\/wp\/v2\/tags?post=3564"}],"curies":[{"name":"wp","href":"https:\/\/api.w.org\/{rel}","templated":true}]}}