{"id":3207,"date":"2024-09-22T18:30:41","date_gmt":"2024-09-22T16:30:41","guid":{"rendered":"https:\/\/eglisolles.fr\/?p=3207"},"modified":"2024-09-22T18:34:27","modified_gmt":"2024-09-22T16:34:27","slug":"arrete-prefectoral-reglementation-feux-de-plein-air","status":"publish","type":"post","link":"https:\/\/eglisolles.fr\/index.php\/2024\/09\/22\/arrete-prefectoral-reglementation-feux-de-plein-air\/","title":{"rendered":"Arr\u00eat\u00e9 pr\u00e9fectoral r\u00e9glementation feux de plein air"},"content":{"rendered":"\n<p>Arr\u00eat\u00e9 N\u00b0 20241336<\/p>\n\n\n\n<p><strong>Les diff\u00e9rents articles de l&rsquo;arr\u00eat\u00e9:<\/strong><\/p>\n\n\n\n<p>R\u00e9glementation selon les types de feux<br>Types de feux autoris\u00e9s avec une interdiction du 1ier Juillet au 30 Septembre<br>Conditions de vent autorisant la r\u00e9alisation de feux autoris\u00e9s<br>Interdictions permanentes<br>Interdiction en cas d&rsquo;alerte pollution atmosph\u00e9rique<br>Pouvoir de police et sanctions<br>Voies et d\u00e9lais de recours<\/p>\n\n\n\n<p>Pour consulter le contenu de tous ces articles cliquer <a href=\"https:\/\/eglisolles.fr\/wp-content\/uploads\/2024\/09\/20241336_AP_feux_plein_air.pdf\" target=\"_blank\" rel=\"noreferrer noopener\">ICI<\/a><\/p>\n","protected":false},"excerpt":{"rendered":"<p>Arr\u00eat\u00e9 N\u00b0 20241336 Les diff\u00e9rents articles de l&rsquo;arr\u00eat\u00e9: R\u00e9glementation selon les types de feuxTypes de feux autoris\u00e9s avec une interdiction du 1ier Juillet au 30 SeptembreConditions de vent autorisant la r\u00e9alisation de feux autoris\u00e9sInterdictions permanentesInterdiction en cas d&rsquo;alerte pollution atmosph\u00e9riquePouvoir de police et sanctionsVoies et d\u00e9lais de recours Pour consulter [&hellip;]<\/p>\n","protected":false},"author":1,"featured_media":0,"comment_status":"closed","ping_status":"open","sticky":false,"template":"","format":"standard","meta":{"footnotes":""},"categories":[8,7],"tags":[],"class_list":["post-3207","post","type-post","status-publish","format-standard","hentry","category-en-une","category-infos-reglementaires"],"yoast_head":"<!-- This site is optimized with the Yoast SEO plugin v27.4 - https:\/\/yoast.com\/product\/yoast-seo-wordpress\/ -->\n<title>Arr\u00eat\u00e9 pr\u00e9fectoral r\u00e9glementation feux de plein air - Eglisolles<\/title>\n<meta name=\"robots\" content=\"index, follow, max-snippet:-1, max-image-preview:large, max-video-preview:-1\" \/>\n<link rel=\"canonical\" href=\"https:\/\/eglisolles.fr\/index.php\/2024\/09\/22\/arrete-prefectoral-reglementation-feux-de-plein-air\/\" \/>\n<meta property=\"og:locale\" content=\"fr_FR\" \/>\n<meta property=\"og:type\" content=\"article\" \/>\n<meta property=\"og:title\" content=\"Arr\u00eat\u00e9 pr\u00e9fectoral r\u00e9glementation feux de plein air - Eglisolles\" \/>\n<meta property=\"og:description\" content=\"Arr\u00eat\u00e9 N\u00b0 20241336 Les diff\u00e9rents articles de l&rsquo;arr\u00eat\u00e9: R\u00e9glementation selon les types de feuxTypes de feux autoris\u00e9s avec une interdiction du 1ier Juillet au 30 SeptembreConditions de vent autorisant la r\u00e9alisation de feux autoris\u00e9sInterdictions permanentesInterdiction en cas d&rsquo;alerte pollution atmosph\u00e9riquePouvoir de police et sanctionsVoies et d\u00e9lais de recours Pour consulter [&hellip;]\" \/>\n<meta property=\"og:url\" content=\"https:\/\/eglisolles.fr\/index.php\/2024\/09\/22\/arrete-prefectoral-reglementation-feux-de-plein-air\/\" \/>\n<meta property=\"og:site_name\" content=\"Eglisolles\" \/>\n<meta property=\"article:publisher\" content=\"https:\/\/www.facebook.com\/municipalite.deglisolles.1\" \/>\n<meta property=\"article:published_time\" content=\"2024-09-22T16:30:41+00:00\" \/>\n<meta property=\"article:modified_time\" content=\"2024-09-22T16:34:27+00:00\" \/>\n<meta name=\"author\" content=\"Webmestre\" \/>\n<meta name=\"twitter:card\" content=\"summary_large_image\" \/>\n<meta name=\"twitter:label1\" content=\"\u00c9crit par\" \/>\n\t<meta name=\"twitter:data1\" content=\"Webmestre\" \/>\n<script type=\"application\/ld+json\" class=\"yoast-schema-graph\">{\"@context\":\"https:\\\/\\\/schema.org\",\"@graph\":[{\"@type\":\"Article\",\"@id\":\"https:\\\/\\\/eglisolles.fr\\\/index.php\\\/2024\\\/09\\\/22\\\/arrete-prefectoral-reglementation-feux-de-plein-air\\\/#article\",\"isPartOf\":{\"@id\":\"https:\\\/\\\/eglisolles.fr\\\/index.php\\\/2024\\\/09\\\/22\\\/arrete-prefectoral-reglementation-feux-de-plein-air\\\/\"},\"author\":{\"name\":\"Webmestre\",\"@id\":\"https:\\\/\\\/eglisolles.fr\\\/#\\\/schema\\\/person\\\/cdc018b5cccc8a540ffae7464f409151\"},\"headline\":\"Arr\u00eat\u00e9 pr\u00e9fectoral r\u00e9glementation feux de plein air\",\"datePublished\":\"2024-09-22T16:30:41+00:00\",\"dateModified\":\"2024-09-22T16:34:27+00:00\",\"mainEntityOfPage\":{\"@id\":\"https:\\\/\\\/eglisolles.fr\\\/index.php\\\/2024\\\/09\\\/22\\\/arrete-prefectoral-reglementation-feux-de-plein-air\\\/\"},\"wordCount\":77,\"publisher\":{\"@id\":\"https:\\\/\\\/eglisolles.fr\\\/#organization\"},\"articleSection\":[\"En UNE\",\"Infos r\u00e9glementaires\"],\"inLanguage\":\"fr-FR\"},{\"@type\":\"WebPage\",\"@id\":\"https:\\\/\\\/eglisolles.fr\\\/index.php\\\/2024\\\/09\\\/22\\\/arrete-prefectoral-reglementation-feux-de-plein-air\\\/\",\"url\":\"https:\\\/\\\/eglisolles.fr\\\/index.php\\\/2024\\\/09\\\/22\\\/arrete-prefectoral-reglementation-feux-de-plein-air\\\/\",\"name\":\"Arr\u00eat\u00e9 pr\u00e9fectoral r\u00e9glementation feux de plein air - Eglisolles\",\"isPartOf\":{\"@id\":\"https:\\\/\\\/eglisolles.fr\\\/#website\"},\"datePublished\":\"2024-09-22T16:30:41+00:00\",\"dateModified\":\"2024-09-22T16:34:27+00:00\",\"breadcrumb\":{\"@id\":\"https:\\\/\\\/eglisolles.fr\\\/index.php\\\/2024\\\/09\\\/22\\\/arrete-prefectoral-reglementation-feux-de-plein-air\\\/#breadcrumb\"},\"inLanguage\":\"fr-FR\",\"potentialAction\":[{\"@type\":\"ReadAction\",\"target\":[\"https:\\\/\\\/eglisolles.fr\\\/index.php\\\/2024\\\/09\\\/22\\\/arrete-prefectoral-reglementation-feux-de-plein-air\\\/\"]}]},{\"@type\":\"BreadcrumbList\",\"@id\":\"https:\\\/\\\/eglisolles.fr\\\/index.php\\\/2024\\\/09\\\/22\\\/arrete-prefectoral-reglementation-feux-de-plein-air\\\/#breadcrumb\",\"itemListElement\":[{\"@type\":\"ListItem\",\"position\":1,\"name\":\"Accueil\",\"item\":\"https:\\\/\\\/eglisolles.fr\\\/\"},{\"@type\":\"ListItem\",\"position\":2,\"name\":\"Arr\u00eat\u00e9 pr\u00e9fectoral r\u00e9glementation feux de plein air\"}]},{\"@type\":\"WebSite\",\"@id\":\"https:\\\/\\\/eglisolles.fr\\\/#website\",\"url\":\"https:\\\/\\\/eglisolles.fr\\\/\",\"name\":\"Eglisolles\",\"description\":\"Site de la Commune\",\"publisher\":{\"@id\":\"https:\\\/\\\/eglisolles.fr\\\/#organization\"},\"potentialAction\":[{\"@type\":\"SearchAction\",\"target\":{\"@type\":\"EntryPoint\",\"urlTemplate\":\"https:\\\/\\\/eglisolles.fr\\\/?s={search_term_string}\"},\"query-input\":{\"@type\":\"PropertyValueSpecification\",\"valueRequired\":true,\"valueName\":\"search_term_string\"}}],\"inLanguage\":\"fr-FR\"},{\"@type\":\"Organization\",\"@id\":\"https:\\\/\\\/eglisolles.fr\\\/#organization\",\"name\":\"Eglisolles\",\"url\":\"https:\\\/\\\/eglisolles.fr\\\/\",\"logo\":{\"@type\":\"ImageObject\",\"inLanguage\":\"fr-FR\",\"@id\":\"https:\\\/\\\/eglisolles.fr\\\/#\\\/schema\\\/logo\\\/image\\\/\",\"url\":\"https:\\\/\\\/eglisolles.fr\\\/wp-content\\\/uploads\\\/2021\\\/07\\\/cropped-logo_eglisolles_mairie_transp_5.png\",\"contentUrl\":\"https:\\\/\\\/eglisolles.fr\\\/wp-content\\\/uploads\\\/2021\\\/07\\\/cropped-logo_eglisolles_mairie_transp_5.png\",\"width\":428,\"height\":100,\"caption\":\"Eglisolles\"},\"image\":{\"@id\":\"https:\\\/\\\/eglisolles.fr\\\/#\\\/schema\\\/logo\\\/image\\\/\"},\"sameAs\":[\"https:\\\/\\\/www.facebook.com\\\/municipalite.deglisolles.1\"]},{\"@type\":\"Person\",\"@id\":\"https:\\\/\\\/eglisolles.fr\\\/#\\\/schema\\\/person\\\/cdc018b5cccc8a540ffae7464f409151\",\"name\":\"Webmestre\",\"image\":{\"@type\":\"ImageObject\",\"inLanguage\":\"fr-FR\",\"@id\":\"https:\\\/\\\/secure.gravatar.com\\\/avatar\\\/b0311cc869c26f543c6041b6abb61405b7997f2b9b213d3f0585373debe76b90?s=96&d=mm&r=g\",\"url\":\"https:\\\/\\\/secure.gravatar.com\\\/avatar\\\/b0311cc869c26f543c6041b6abb61405b7997f2b9b213d3f0585373debe76b90?s=96&d=mm&r=g\",\"contentUrl\":\"https:\\\/\\\/secure.gravatar.com\\\/avatar\\\/b0311cc869c26f543c6041b6abb61405b7997f2b9b213d3f0585373debe76b90?s=96&d=mm&r=g\",\"caption\":\"Webmestre\"},\"sameAs\":[\"https:\\\/\\\/eglisolles.fr\"],\"url\":\"https:\\\/\\\/eglisolles.fr\\\/index.php\\\/author\\\/christineadmmairie\\\/\"}]}<\/script>\n<!-- \/ Yoast SEO plugin. -->","yoast_head_json":{"title":"Arr\u00eat\u00e9 pr\u00e9fectoral r\u00e9glementation feux de plein air - Eglisolles","robots":{"index":"index","follow":"follow","max-snippet":"max-snippet:-1","max-image-preview":"max-image-preview:large","max-video-preview":"max-video-preview:-1"},"canonical":"https:\/\/eglisolles.fr\/index.php\/2024\/09\/22\/arrete-prefectoral-reglementation-feux-de-plein-air\/","og_locale":"fr_FR","og_type":"article","og_title":"Arr\u00eat\u00e9 pr\u00e9fectoral r\u00e9glementation feux de plein air - Eglisolles","og_description":"Arr\u00eat\u00e9 N\u00b0 20241336 Les diff\u00e9rents articles de l&rsquo;arr\u00eat\u00e9: R\u00e9glementation selon les types de feuxTypes de feux autoris\u00e9s avec une interdiction du 1ier Juillet au 30 SeptembreConditions de vent autorisant la r\u00e9alisation de feux autoris\u00e9sInterdictions permanentesInterdiction en cas d&rsquo;alerte pollution atmosph\u00e9riquePouvoir de police et sanctionsVoies et d\u00e9lais de recours Pour consulter [&hellip;]","og_url":"https:\/\/eglisolles.fr\/index.php\/2024\/09\/22\/arrete-prefectoral-reglementation-feux-de-plein-air\/","og_site_name":"Eglisolles","article_publisher":"https:\/\/www.facebook.com\/municipalite.deglisolles.1","article_published_time":"2024-09-22T16:30:41+00:00","article_modified_time":"2024-09-22T16:34:27+00:00","author":"Webmestre","twitter_card":"summary_large_image","twitter_misc":{"\u00c9crit par":"Webmestre"},"schema":{"@context":"https:\/\/schema.org","@graph":[{"@type":"Article","@id":"https:\/\/eglisolles.fr\/index.php\/2024\/09\/22\/arrete-prefectoral-reglementation-feux-de-plein-air\/#article","isPartOf":{"@id":"https:\/\/eglisolles.fr\/index.php\/2024\/09\/22\/arrete-prefectoral-reglementation-feux-de-plein-air\/"},"author":{"name":"Webmestre","@id":"https:\/\/eglisolles.fr\/#\/schema\/person\/cdc018b5cccc8a540ffae7464f409151"},"headline":"Arr\u00eat\u00e9 pr\u00e9fectoral r\u00e9glementation feux de plein air","datePublished":"2024-09-22T16:30:41+00:00","dateModified":"2024-09-22T16:34:27+00:00","mainEntityOfPage":{"@id":"https:\/\/eglisolles.fr\/index.php\/2024\/09\/22\/arrete-prefectoral-reglementation-feux-de-plein-air\/"},"wordCount":77,"publisher":{"@id":"https:\/\/eglisolles.fr\/#organization"},"articleSection":["En UNE","Infos r\u00e9glementaires"],"inLanguage":"fr-FR"},{"@type":"WebPage","@id":"https:\/\/eglisolles.fr\/index.php\/2024\/09\/22\/arrete-prefectoral-reglementation-feux-de-plein-air\/","url":"https:\/\/eglisolles.fr\/index.php\/2024\/09\/22\/arrete-prefectoral-reglementation-feux-de-plein-air\/","name":"Arr\u00eat\u00e9 pr\u00e9fectoral r\u00e9glementation feux de plein air - Eglisolles","isPartOf":{"@id":"https:\/\/eglisolles.fr\/#website"},"datePublished":"2024-09-22T16:30:41+00:00","dateModified":"2024-09-22T16:34:27+00:00","breadcrumb":{"@id":"https:\/\/eglisolles.fr\/index.php\/2024\/09\/22\/arrete-prefectoral-reglementation-feux-de-plein-air\/#breadcrumb"},"inLanguage":"fr-FR","potentialAction":[{"@type":"ReadAction","target":["https:\/\/eglisolles.fr\/index.php\/2024\/09\/22\/arrete-prefectoral-reglementation-feux-de-plein-air\/"]}]},{"@type":"BreadcrumbList","@id":"https:\/\/eglisolles.fr\/index.php\/2024\/09\/22\/arrete-prefectoral-reglementation-feux-de-plein-air\/#breadcrumb","itemListElement":[{"@type":"ListItem","position":1,"name":"Accueil","item":"https:\/\/eglisolles.fr\/"},{"@type":"ListItem","position":2,"name":"Arr\u00eat\u00e9 pr\u00e9fectoral r\u00e9glementation feux de plein air"}]},{"@type":"WebSite","@id":"https:\/\/eglisolles.fr\/#website","url":"https:\/\/eglisolles.fr\/","name":"Eglisolles","description":"Site de la Commune","publisher":{"@id":"https:\/\/eglisolles.fr\/#organization"},"potentialAction":[{"@type":"SearchAction","target":{"@type":"EntryPoint","urlTemplate":"https:\/\/eglisolles.fr\/?s={search_term_string}"},"query-input":{"@type":"PropertyValueSpecification","valueRequired":true,"valueName":"search_term_string"}}],"inLanguage":"fr-FR"},{"@type":"Organization","@id":"https:\/\/eglisolles.fr\/#organization","name":"Eglisolles","url":"https:\/\/eglisolles.fr\/","logo":{"@type":"ImageObject","inLanguage":"fr-FR","@id":"https:\/\/eglisolles.fr\/#\/schema\/logo\/image\/","url":"https:\/\/eglisolles.fr\/wp-content\/uploads\/2021\/07\/cropped-logo_eglisolles_mairie_transp_5.png","contentUrl":"https:\/\/eglisolles.fr\/wp-content\/uploads\/2021\/07\/cropped-logo_eglisolles_mairie_transp_5.png","width":428,"height":100,"caption":"Eglisolles"},"image":{"@id":"https:\/\/eglisolles.fr\/#\/schema\/logo\/image\/"},"sameAs":["https:\/\/www.facebook.com\/municipalite.deglisolles.1"]},{"@type":"Person","@id":"https:\/\/eglisolles.fr\/#\/schema\/person\/cdc018b5cccc8a540ffae7464f409151","name":"Webmestre","image":{"@type":"ImageObject","inLanguage":"fr-FR","@id":"https:\/\/secure.gravatar.com\/avatar\/b0311cc869c26f543c6041b6abb61405b7997f2b9b213d3f0585373debe76b90?s=96&d=mm&r=g","url":"https:\/\/secure.gravatar.com\/avatar\/b0311cc869c26f543c6041b6abb61405b7997f2b9b213d3f0585373debe76b90?s=96&d=mm&r=g","contentUrl":"https:\/\/secure.gravatar.com\/avatar\/b0311cc869c26f543c6041b6abb61405b7997f2b9b213d3f0585373debe76b90?s=96&d=mm&r=g","caption":"Webmestre"},"sameAs":["https:\/\/eglisolles.fr"],"url":"https:\/\/eglisolles.fr\/index.php\/author\/christineadmmairie\/"}]}},"_links":{"self":[{"href":"https:\/\/eglisolles.fr\/index.php\/wp-json\/wp\/v2\/posts\/3207","targetHints":{"allow":["GET"]}}],"collection":[{"href":"https:\/\/eglisolles.fr\/index.php\/wp-json\/wp\/v2\/posts"}],"about":[{"href":"https:\/\/eglisolles.fr\/index.php\/wp-json\/wp\/v2\/types\/post"}],"author":[{"embeddable":true,"href":"https:\/\/eglisolles.fr\/index.php\/wp-json\/wp\/v2\/users\/1"}],"replies":[{"embeddable":true,"href":"https:\/\/eglisolles.fr\/index.php\/wp-json\/wp\/v2\/comments?post=3207"}],"version-history":[{"count":2,"href":"https:\/\/eglisolles.fr\/index.php\/wp-json\/wp\/v2\/posts\/3207\/revisions"}],"predecessor-version":[{"id":3210,"href":"https:\/\/eglisolles.fr\/index.php\/wp-json\/wp\/v2\/posts\/3207\/revisions\/3210"}],"wp:attachment":[{"href":"https:\/\/eglisolles.fr\/index.php\/wp-json\/wp\/v2\/media?parent=3207"}],"wp:term":[{"taxonomy":"category","embeddable":true,"href":"https:\/\/eglisolles.fr\/index.php\/wp-json\/wp\/v2\/categories?post=3207"},{"taxonomy":"post_tag","embeddable":true,"href":"https:\/\/eglisolles.fr\/index.php\/wp-json\/wp\/v2\/tags?post=3207"}],"curies":[{"name":"wp","href":"https:\/\/api.w.org\/{rel}","templated":true}]}}